{"id":2395,"date":"2022-11-10T13:30:20","date_gmt":"2022-11-10T12:30:20","guid":{"rendered":"https:\/\/pactozero.com\/5-aspectes-clau-per-a-leconomia-circular-de-la-llei-7-2022-de-residus-i-sols-contaminats\/"},"modified":"2025-06-19T17:59:05","modified_gmt":"2025-06-19T15:59:05","slug":"5-aspectes-clau-per-a-leconomia-circular-de-la-llei-7-2022-de-residus-i-sols-contaminats","status":"publish","type":"post","link":"https:\/\/pactozero.com\/ca\/5-aspectes-clau-per-a-leconomia-circular-de-la-llei-7-2022-de-residus-i-sols-contaminats\/","title":{"rendered":"5 aspectes clau per a l&#8217;Economia Circular de la Llei 7\/2022 de residus i s\u00f2ls contaminats"},"content":{"rendered":"<p>[et_pb_section fb_built=&#8221;1&#8243; admin_label=&#8221;Market Information Section&#8221; _builder_version=&#8221;4.16&#8243; custom_padding=&#8221;10px||16px|||&#8221; global_colors_info=&#8221;{}&#8221;][et_pb_row admin_label=&#8221;Market Information Title Area&#8221; _builder_version=&#8221;4.16&#8243; custom_padding=&#8221;40px|0px|40px|0px&#8221; global_colors_info=&#8221;{}&#8221;][et_pb_column type=&#8221;4_4&#8243; _builder_version=&#8221;4.16&#8243; custom_padding=&#8221;|||&#8221; global_colors_info=&#8221;{}&#8221; custom_padding__hover=&#8221;|||&#8221;][et_pb_text _builder_version=&#8221;4.19.0&#8243; text_font=&#8221;||||||||&#8221; text_font_size=&#8221;21px&#8221; text_line_height=&#8221;1.8em&#8221; header_font=&#8221;||||||||&#8221; animation_style=&#8221;flip&#8221; animation_direction=&#8221;left&#8221; animation_intensity_flip=&#8221;20%&#8221; animation_starting_opacity=&#8221;100%&#8221; hover_enabled=&#8221;0&#8243; global_colors_info=&#8221;{}&#8221; sticky_enabled=&#8221;0&#8243;]<\/p>\n<p style=\"text-align: center;\">Recentment, s&#8217;ha publicat la <a href=\"https:\/\/www.boe.es\/buscar\/act.php?id=BOE-A-2022-5809\">Llei 7\/2022<\/a>, de 8 d&#8217;abril, de residus i s\u00f2ls contaminats per a una economia circular. Aquesta llei afecta tant productors i gestors de residus, com a les administracions p\u00fabliques i als mateixos consumidors. <\/p>\n<p style=\"text-align: center;\">A m\u00e9s, aquesta llei pret\u00e9n ser una ajuda en la lluita contra el canvi clim\u00e0tic i la protecci\u00f3 del medi mar\u00ed, contribuint aix\u00ed al compliment dels Objectius de Desenvolupament Sostenible, inclosos en l&#8217;Agenda 2030.<\/p>\n<p>[\/et_pb_text][\/et_pb_column][\/et_pb_row][et_pb_row column_structure=&#8221;1_3,2_3&#8243; admin_label=&#8221;Market Information Title Area&#8221; _builder_version=&#8221;4.16&#8243; custom_padding=&#8221;40px|0px|0px|0px||&#8221; global_colors_info=&#8221;{}&#8221;][et_pb_column type=&#8221;1_3&#8243; _builder_version=&#8221;4.16&#8243; custom_padding=&#8221;|||&#8221; global_colors_info=&#8221;{}&#8221; custom_padding__hover=&#8221;|||&#8221;][et_pb_text admin_label=&#8221;Title&#8221; _builder_version=&#8221;4.19.0&#8243; text_font=&#8221;||||||||&#8221; header_font=&#8221;||||||||&#8221; header_2_font=&#8221;Lato||||||||&#8221; header_2_font_size=&#8221;36px&#8221; header_2_line_height=&#8221;1.5em&#8221; custom_padding=&#8221;|||&#8221; animation_direction=&#8221;left&#8221; hover_enabled=&#8221;0&#8243; global_colors_info=&#8221;{}&#8221; sticky_enabled=&#8221;0&#8243; header_2_text_color=&#8221;#f29866&#8243;]<\/p>\n<h2><span>1. Principi de jerarquia de residus.<\/span><\/h2>\n<p>[\/et_pb_text][\/et_pb_column][et_pb_column type=&#8221;2_3&#8243; _builder_version=&#8221;4.16&#8243; custom_padding=&#8221;|||&#8221; global_colors_info=&#8221;{}&#8221; custom_padding__hover=&#8221;|||&#8221;][et_pb_text _builder_version=&#8221;4.19.0&#8243; text_font=&#8221;||||||||&#8221; text_font_size=&#8221;16px&#8221; text_line_height=&#8221;1.8em&#8221; header_font=&#8221;||||||||&#8221; animation_style=&#8221;flip&#8221; animation_direction=&#8221;left&#8221; animation_intensity_flip=&#8221;20%&#8221; animation_starting_opacity=&#8221;100%&#8221; hover_enabled=&#8221;0&#8243; global_colors_info=&#8221;{}&#8221; sticky_enabled=&#8221;0&#8243;]<\/p>\n<div class=\"et_pb_module et_pb_text et_pb_text_12 et_pb_text_align_left et_pb_bg_layout_light\">\n<div class=\"et_pb_text_inner\">\n<p>La nova llei aplica, en primer lloc, el principi de jerarquia de residus en la reducci\u00f3 de l&#8217;impacte mediambiental, en ordre de m\u00e9s a menys prefer\u00e8ncia:<\/p>\n<ul>\n<li>Prevenci\u00f3.<\/li>\n<li>Preparaci\u00f3 per a la reutilitzaci\u00f3.<\/li>\n<li>Reciclatge, un altre tipus de valoritzaci\u00f3 (inclosa l&#8217;energ\u00e8tica).<\/li>\n<li>Eliminaci\u00f3.<\/li>\n<\/ul>\n<\/div>\n<\/div>\n<p><em><span><\/span><\/em><\/p>\n<p><em><span><\/span><\/em><\/p>\n<p>[\/et_pb_text][\/et_pb_column][\/et_pb_row][et_pb_row column_structure=&#8221;1_3,2_3&#8243; admin_label=&#8221;Market Information Title Area&#8221; _builder_version=&#8221;4.16&#8243; custom_padding=&#8221;40px|0px|40px|0px&#8221; global_colors_info=&#8221;{}&#8221;][et_pb_column type=&#8221;1_3&#8243; _builder_version=&#8221;4.16&#8243; custom_padding=&#8221;|||&#8221; global_colors_info=&#8221;{}&#8221; custom_padding__hover=&#8221;|||&#8221;][et_pb_text admin_label=&#8221;Title&#8221; _builder_version=&#8221;4.19.0&#8243; text_font=&#8221;||||||||&#8221; header_font=&#8221;||||||||&#8221; header_2_font=&#8221;Lato||||||||&#8221; header_2_font_size=&#8221;36px&#8221; header_2_line_height=&#8221;1.5em&#8221; custom_padding=&#8221;|||&#8221; animation_direction=&#8221;left&#8221; hover_enabled=&#8221;0&#8243; global_colors_info=&#8221;{}&#8221; sticky_enabled=&#8221;0&#8243; header_2_text_color=&#8221;#f29866&#8243;]<\/p>\n<h2><span>2. Mesures de prevenci\u00f3.<\/span><\/h2>\n<p>[\/et_pb_text][\/et_pb_column][et_pb_column type=&#8221;2_3&#8243; _builder_version=&#8221;4.16&#8243; custom_padding=&#8221;|||&#8221; global_colors_info=&#8221;{}&#8221; custom_padding__hover=&#8221;|||&#8221;][et_pb_text _builder_version=&#8221;4.19.0&#8243; text_font=&#8221;||||||||&#8221; text_font_size=&#8221;16px&#8221; text_line_height=&#8221;1.8em&#8221; header_font=&#8221;||||||||&#8221; animation_style=&#8221;flip&#8221; animation_direction=&#8221;left&#8221; animation_intensity_flip=&#8221;20%&#8221; animation_starting_opacity=&#8221;100%&#8221; hover_enabled=&#8221;0&#8243; global_colors_info=&#8221;{}&#8221; sticky_enabled=&#8221;0&#8243;]<\/p>\n<p>Mesures per a desvincular el creixement econ\u00f2mic del consum de recursos \u2013 i impacte en el medi ambient- existent avui:<\/p>\n<ul>\n<li>Hostaleria ha d&#8217;oferir com a opci\u00f3 aigua no envasada.<\/li>\n<li><strong>Comer\u00e7os d&#8217;alimentaci\u00f3 han d&#8217;acceptar l&#8217;\u00fas de recipients reutilitzables adequats.<\/strong><\/li>\n<li>Es prohibeix destruir els excedents no venuts en general, devent primer anar destinats a donaci\u00f3, i altres opcions.<\/li>\n<li><strong>Comer\u00e7os de m\u00e9s de 400 m2 de superf\u00edcie han de destinar almenys un 20% de la seva \u00e0rea de vendes a productes sense env\u00e0s, o en env\u00e0s reutilitzable.<\/strong><\/li>\n<\/ul>\n<p>[\/et_pb_text][\/et_pb_column][\/et_pb_row][et_pb_row admin_label=&#8221;Quote Text Area&#8221; _builder_version=&#8221;4.18.0&#8243; custom_padding=&#8221;0px|0px|0px|0px||&#8221; filter_hue_rotate=&#8221;36deg&#8221; filter_saturate=&#8221;43%&#8221; filter_brightness=&#8221;200%&#8221; global_colors_info=&#8221;{}&#8221;][et_pb_column type=&#8221;4_4&#8243; _builder_version=&#8221;4.18.0&#8243; custom_padding=&#8221;|||&#8221; global_colors_info=&#8221;{}&#8221; custom_padding__hover=&#8221;|||&#8221;][et_pb_text quote_border_weight=&#8221;10px&#8221; quote_border_color=&#8221;#e55039&#8243; admin_label=&#8221;Quote&#8221; _builder_version=&#8221;4.19.0&#8243; text_font=&#8221;||||||||&#8221; text_font_size=&#8221;10px&#8221; quote_font=&#8221;Lato||on||||||&#8221; quote_text_color=&#8221;#333333&#8243; quote_font_size=&#8221;48px&#8221; quote_line_height=&#8221;1.5em&#8221; header_font=&#8221;||||||||&#8221; header_4_font=&#8221;||on||||||&#8221; background_color=&#8221;RGBA(255,255,255,0)&#8221; max_width=&#8221;800px&#8221; module_alignment=&#8221;center&#8221; custom_padding=&#8221;|||&#8221; animation_style=&#8221;slide&#8221; animation_direction=&#8221;left&#8221; animation_intensity_slide=&#8221;6%&#8221; animation_starting_opacity=&#8221;100%&#8221; hover_enabled=&#8221;0&#8243; quote_font_size_tablet=&#8221;&#8221; quote_font_size_phone=&#8221;36px&#8221; quote_font_size_last_edited=&#8221;on|phone&#8221; global_colors_info=&#8221;{}&#8221; sticky_enabled=&#8221;0&#8243;]<\/p>\n<blockquote>\n<p><em>&#8220;El principal objectiu d&#8217;aquesta nova llei \u00e9s reduir al m\u00ednim els efectes negatius de la generaci\u00f3 i gesti\u00f3 dels residus en la salut humana i el medi ambient.&#8221; <\/em><\/p>\n<\/blockquote>\n<p>[\/et_pb_text][\/et_pb_column][\/et_pb_row][et_pb_row column_structure=&#8221;1_3,2_3&#8243; admin_label=&#8221;Market Information Title Area&#8221; _builder_version=&#8221;4.16&#8243; custom_padding=&#8221;40px|0px|40px|0px&#8221; global_colors_info=&#8221;{}&#8221;][et_pb_column type=&#8221;1_3&#8243; _builder_version=&#8221;4.16&#8243; custom_padding=&#8221;|||&#8221; global_colors_info=&#8221;{}&#8221; custom_padding__hover=&#8221;|||&#8221;][et_pb_text admin_label=&#8221;Title&#8221; _builder_version=&#8221;4.19.0&#8243; text_font=&#8221;||||||||&#8221; header_font=&#8221;||||||||&#8221; header_2_font=&#8221;Lato||||||||&#8221; header_2_font_size=&#8221;36px&#8221; header_2_line_height=&#8221;1.5em&#8221; custom_padding=&#8221;|||&#8221; animation_direction=&#8221;left&#8221; hover_enabled=&#8221;0&#8243; global_colors_info=&#8221;{}&#8221; sticky_enabled=&#8221;0&#8243; header_2_text_color=&#8221;#f29866&#8243;]<\/p>\n<h2>3. Restriccions a pl\u00e0stics d&#8217;un sol \u00fas.<\/h2>\n<p>[\/et_pb_text][\/et_pb_column][et_pb_column type=&#8221;2_3&#8243; _builder_version=&#8221;4.16&#8243; custom_padding=&#8221;|||&#8221; global_colors_info=&#8221;{}&#8221; custom_padding__hover=&#8221;|||&#8221;][et_pb_text _builder_version=&#8221;4.19.0&#8243; text_font=&#8221;||||||||&#8221; text_font_size=&#8221;16px&#8221; text_line_height=&#8221;1.8em&#8221; header_font=&#8221;||||||||&#8221; animation_style=&#8221;flip&#8221; animation_direction=&#8221;left&#8221; animation_intensity_flip=&#8221;20%&#8221; animation_starting_opacity=&#8221;100%&#8221; hover_enabled=&#8221;0&#8243; global_colors_info=&#8221;{}&#8221; sticky_enabled=&#8221;0&#8243;]<\/p>\n<p>Mesures que avan\u00e7aran en la reducci\u00f3 del pl\u00e0stic d&#8217;un sol \u00fas, prevalent la substituci\u00f3 preferentment per alternatives reutilitzables i\/o d&#8217;altres materials:<\/p>\n<ul>\n<li>Objectiu de Reducci\u00f3 dels productes de pl\u00e0stic d&#8217;un sol \u00fas del 50% (en 2026) i del 70% (en 2030).<\/li>\n<li><strong>Obligaci\u00f3 de cobrar preu pels recipients (diferenciat en tiquet venda) a consumidors, a partir d&#8217;1\/1\/2023.<\/strong><\/li>\n<li>Productes de pl\u00e0stic d&#8217;un sol \u00fas subjectes a reducci\u00f3 com ara gots per a begudes i recipients per a aliments.<\/li>\n<\/ul>\n<p>[\/et_pb_text][\/et_pb_column][\/et_pb_row][et_pb_row column_structure=&#8221;1_3,2_3&#8243; admin_label=&#8221;Market Information Title Area&#8221; _builder_version=&#8221;4.16&#8243; custom_padding=&#8221;40px|0px|40px|0px&#8221; global_colors_info=&#8221;{}&#8221;][et_pb_column type=&#8221;1_3&#8243; _builder_version=&#8221;4.16&#8243; custom_padding=&#8221;|||&#8221; global_colors_info=&#8221;{}&#8221; custom_padding__hover=&#8221;|||&#8221;][et_pb_text admin_label=&#8221;Title&#8221; _builder_version=&#8221;4.19.0&#8243; text_font=&#8221;||||||||&#8221; header_font=&#8221;||||||||&#8221; header_2_font=&#8221;Lato||||||||&#8221; header_2_font_size=&#8221;36px&#8221; header_2_line_height=&#8221;1.5em&#8221; custom_padding=&#8221;|||&#8221; animation_direction=&#8221;left&#8221; hover_enabled=&#8221;0&#8243; global_colors_info=&#8221;{}&#8221; sticky_enabled=&#8221;0&#8243; header_2_text_color=&#8221;#f29866&#8243;]<\/p>\n<h2>4. Impost especial als pl\u00e0stics d&#8217;un sol \u00fas.<\/h2>\n<p>[\/et_pb_text][\/et_pb_column][et_pb_column type=&#8221;2_3&#8243; _builder_version=&#8221;4.16&#8243; custom_padding=&#8221;|||&#8221; global_colors_info=&#8221;{}&#8221; custom_padding__hover=&#8221;|||&#8221;][et_pb_text _builder_version=&#8221;4.19.0&#8243; text_font=&#8221;||||||||&#8221; text_font_size=&#8221;16px&#8221; text_line_height=&#8221;1.8em&#8221; header_font=&#8221;||||||||&#8221; animation_style=&#8221;flip&#8221; animation_direction=&#8221;left&#8221; animation_intensity_flip=&#8221;20%&#8221; animation_starting_opacity=&#8221;100%&#8221; hover_enabled=&#8221;0&#8243; global_colors_info=&#8221;{}&#8221; sticky_enabled=&#8221;0&#8243;]<\/p>\n<p>Mesures que avan\u00e7aran en la reducci\u00f3 del pl\u00e0stic d&#8217;un sol \u00fas, prevalent la substituci\u00f3 preferentment per alternatives reutilitzables i\/o d&#8217;altres materials:<\/p>\n<ul>\n<li><strong>El tipus impositiu \u00e9s de 45 c\u00e8ntims per quilogram de pl\u00e0stic no reciclat (aprox. 30% del cost pl\u00e0stic), a partir d&#8217;1\/1\/2023.<\/strong><\/li>\n<li>Es graven els envasos d&#8217;un sol \u00fas, tant si es presenten buits com si es presenten amb contingut.<\/li>\n<\/ul>\n<p>[\/et_pb_text][\/et_pb_column][\/et_pb_row][et_pb_row admin_label=&#8221;Feature 02 Area&#8221; _builder_version=&#8221;4.18.0&#8243; background_color=&#8221;#f29866&#8243; custom_margin=&#8221;|auto|38px|auto||&#8221; custom_padding=&#8221;0px|0px|0px|0px&#8221; hover_enabled=&#8221;0&#8243; border_radii=&#8221;on|10px|10px|10px|10px&#8221; global_colors_info=&#8221;{}&#8221; sticky_enabled=&#8221;0&#8243;][et_pb_column type=&#8221;4_4&#8243; _builder_version=&#8221;4.16&#8243; custom_padding=&#8221;5%|5%|5%|5%&#8221; custom_padding_tablet=&#8221;0px|0px|0px|0px&#8221; custom_padding_last_edited=&#8221;off|desktop&#8221; global_colors_info=&#8221;{}&#8221; padding_tablet=&#8221;0px|0px|0px|0px&#8221; padding_last_edited=&#8221;off|desktop&#8221; custom_padding__hover=&#8221;|||&#8221;][et_pb_text admin_label=&#8221;Title&#8221; _builder_version=&#8221;4.19.0&#8243; text_font=&#8221;||||||||&#8221; text_font_size=&#8221;16px&#8221; text_line_height=&#8221;1.8em&#8221; header_font=&#8221;||||||||&#8221; header_2_font=&#8221;Lato||||||||&#8221; header_2_font_size=&#8221;36px&#8221; header_2_line_height=&#8221;1.5em&#8221; background_layout=&#8221;dark&#8221; module_alignment=&#8221;center&#8221; custom_margin=&#8221;||15px|&#8221; custom_padding=&#8221;|||&#8221; animation_direction=&#8221;left&#8221; hover_enabled=&#8221;0&#8243; locked=&#8221;off&#8221; global_colors_info=&#8221;{}&#8221; sticky_enabled=&#8221;0&#8243;]<\/p>\n<h3 style=\"text-align: center;\">Quan entra en vigor la Llei 7\/2022?<\/h3>\n<p>[\/et_pb_text][et_pb_text admin_label=&#8221;Title&#8221; _builder_version=&#8221;4.19.0&#8243; text_font=&#8221;||||||||&#8221; text_font_size=&#8221;16px&#8221; text_line_height=&#8221;1.8em&#8221; header_font=&#8221;||||||||&#8221; header_2_font=&#8221;Lato||||||||&#8221; header_2_font_size=&#8221;36px&#8221; header_2_line_height=&#8221;1.5em&#8221; background_layout=&#8221;dark&#8221; module_alignment=&#8221;center&#8221; custom_margin=&#8221;||15px|&#8221; custom_padding=&#8221;|||&#8221; animation_direction=&#8221;left&#8221; hover_enabled=&#8221;0&#8243; locked=&#8221;off&#8221; global_colors_info=&#8221;{}&#8221; sticky_enabled=&#8221;0&#8243;]<\/p>\n<p style=\"text-align: center;\">La llei va entrar en vigor el passat 10 d&#8217;abril, \u00e9s a dir, un dia despr\u00e9s de la seva publicaci\u00f3 en el <a href=\"https:\/\/www.boe.es\/diario_boe\/txt.php?id=BOE-A-2022-5809\">Butllet\u00ed Oficial de l&#8217;Estat <\/a> (BOE).<\/p>\n<p style=\"text-align: center;\">A excepci\u00f3 del T\u00edtol VII Mesures fiscals per a incentivar l&#8217;economia circular, que entrar\u00e0 en vigor l&#8217;1 de gener de 2023. Aquestes mesures inclouen dos nous impostos, un sobre envasos de pl\u00e0stic no reutilitzables i un altre sobre el dip\u00f2sit de residus en abocadors, la incineraci\u00f3 i la coincineraci\u00f3 de residus.<\/p>\n<p style=\"text-align: center;\">A m\u00e9s a partir de l&#8217;1 de gener estar\u00e0 prohibida la distribuci\u00f3 gratu\u00efta de productes de pl\u00e0stic d&#8217;un sol \u00fas i haur\u00e0 de cobrar-se un preu per cadascun dels productes de pl\u00e0stic que es lliurin al consumidor.<\/p>\n<p>[\/et_pb_text][\/et_pb_column][\/et_pb_row][et_pb_row column_structure=&#8221;1_3,2_3&#8243; admin_label=&#8221;Market Information Title Area&#8221; _builder_version=&#8221;4.16&#8243; custom_padding=&#8221;40px|0px|40px|0px&#8221; global_colors_info=&#8221;{}&#8221;][et_pb_column type=&#8221;1_3&#8243; _builder_version=&#8221;4.16&#8243; custom_padding=&#8221;|||&#8221; global_colors_info=&#8221;{}&#8221; custom_padding__hover=&#8221;|||&#8221;][et_pb_text admin_label=&#8221;Title&#8221; _builder_version=&#8221;4.19.0&#8243; text_font=&#8221;||||||||&#8221; header_font=&#8221;||||||||&#8221; header_2_font=&#8221;Lato||||||||&#8221; header_2_font_size=&#8221;36px&#8221; header_2_line_height=&#8221;1.5em&#8221; custom_padding=&#8221;|||&#8221; animation_direction=&#8221;left&#8221; hover_enabled=&#8221;0&#8243; global_colors_info=&#8221;{}&#8221; sticky_enabled=&#8221;0&#8243; header_2_text_color=&#8221;#f29866&#8243;]<\/p>\n<h2>5. Responsabilitat ampliada del productor.<\/h2>\n<p>[\/et_pb_text][\/et_pb_column][et_pb_column type=&#8221;2_3&#8243; _builder_version=&#8221;4.16&#8243; custom_padding=&#8221;|||&#8221; global_colors_info=&#8221;{}&#8221; custom_padding__hover=&#8221;|||&#8221;][et_pb_text _builder_version=&#8221;4.19.0&#8243; text_font=&#8221;||||||||&#8221; text_font_size=&#8221;16px&#8221; text_line_height=&#8221;1.8em&#8221; header_font=&#8221;||||||||&#8221; animation_style=&#8221;flip&#8221; animation_direction=&#8221;left&#8221; animation_intensity_flip=&#8221;20%&#8221; animation_starting_opacity=&#8221;100%&#8221; hover_enabled=&#8221;0&#8243; global_colors_info=&#8221;{}&#8221; sticky_enabled=&#8221;0&#8243;]<\/p>\n<p>Mesures que pretenen assegurar que qui col\u00b7loca l&#8217;env\u00e0s en el mercat, assumeix els costos de recuperar i gestionar els residus generats, ampliant la seva responsabilitat a:<\/p>\n<ul>\n<li>Assumir la gesti\u00f3 del residu i la seva responsabilitat financera per a complir amb els objectius m\u00ednims (de circularitat o reciclatge) establerts per llei.<\/li>\n<li><strong>Establir sistemes de dip\u00f2sit que garanteixin devoluci\u00f3 de quantitats i retorn del producte.<\/strong><\/li>\n<li>Implantar un sistema d&#8217;informaci\u00f3 per a obtenir informaci\u00f3 (fiable) dels fluxos de materials utilitzats i residus.<\/li>\n<li><strong>Ampliar la responsabilitat a la recuperaci\u00f3 de residus de la neteja de vies p\u00fabliques, zones verdes, \u00e0rees recreatives i platges.<\/strong><\/li>\n<\/ul>\n<p>[\/et_pb_text][\/et_pb_column][\/et_pb_row][\/et_pb_section]<\/p>\n","protected":false},"excerpt":{"rendered":"<p>Recentment, s&#8217;ha publicat la Llei 7\/2022, de 8 d&#8217;abril, de residus i s\u00f2ls contaminats per a una economia circular. Aquesta llei afecta tant productors i gestors de residus, com a les administracions p\u00fabliques i als mateixos consumidors. A m\u00e9s, aquesta llei pret\u00e9n ser una ajuda en la lluita contra el canvi clim\u00e0tic i la protecci\u00f3 [&hellip;]<\/p>\n","protected":false},"author":3,"featured_media":2319,"comment_status":"closed","ping_status":"open","sticky":false,"template":"","format":"standard","meta":{"_et_pb_use_builder":"on","_et_pb_old_content":"","_et_gb_content_width":"","footnotes":""},"categories":[42],"tags":[47,46],"class_list":["post-2395","post","type-post","status-publish","format-standard","has-post-thumbnail","hentry","category-normativa-ca","tag-economia-circular-ca","tag-llei-7-2002"],"yoast_head":"<!-- This site is optimized with the Yoast SEO plugin v27.5 - https:\/\/yoast.com\/product\/yoast-seo-wordpress\/ -->\n<title>5 aspectes clau per a l&#039;Economia Circular de la Llei 7\/2022 de residus i s\u00f2ls contaminats - PactoZero | Envases reutilizables para un residuo zero<\/title>\n<meta name=\"description\" content=\"La nova Llei 7\/2022 aplica en primer lloc el principi de jerarquia de residus en la reducci\u00f3 de l&#039;impacte mediambiental, en ordre de m\u00e9s a menys prefer\u00e8ncia: Prevenci\u00f3, Preparaci\u00f3 per a la reutilitzaci\u00f3, Reciclatge i Eliminaci\u00f3.\" \/>\n<meta name=\"robots\" content=\"index, follow, max-snippet:-1, max-image-preview:large, max-video-preview:-1\" \/>\n<link rel=\"canonical\" href=\"https:\/\/pactozero.com\/ca\/5-aspectes-clau-per-a-leconomia-circular-de-la-llei-7-2022-de-residus-i-sols-contaminats\/\" \/>\n<meta property=\"og:locale\" content=\"ca_ES\" \/>\n<meta property=\"og:type\" content=\"article\" \/>\n<meta property=\"og:title\" content=\"5 aspectes clau per a l&#039;Economia Circular de la Llei 7\/2022 de residus i s\u00f2ls contaminats - PactoZero | Envases reutilizables para un residuo zero\" \/>\n<meta property=\"og:description\" content=\"La nova Llei 7\/2022 aplica en primer lloc el principi de jerarquia de residus en la reducci\u00f3 de l&#039;impacte mediambiental, en ordre de m\u00e9s a menys prefer\u00e8ncia: Prevenci\u00f3, Preparaci\u00f3 per a la reutilitzaci\u00f3, Reciclatge i Eliminaci\u00f3.\" \/>\n<meta property=\"og:url\" content=\"https:\/\/pactozero.com\/ca\/5-aspectes-clau-per-a-leconomia-circular-de-la-llei-7-2022-de-residus-i-sols-contaminats\/\" \/>\n<meta property=\"og:site_name\" content=\"PactoZero | Envases reutilizables para un residuo zero\" \/>\n<meta property=\"article:published_time\" content=\"2022-11-10T12:30:20+00:00\" \/>\n<meta property=\"article:modified_time\" content=\"2025-06-19T15:59:05+00:00\" \/>\n<meta property=\"og:image\" content=\"https:\/\/pactozero.com\/wp-content\/uploads\/2022\/11\/Foto-de-Markus-Spiske-en-unsplash.jpg\" \/>\n\t<meta property=\"og:image:width\" content=\"812\" \/>\n\t<meta property=\"og:image:height\" content=\"664\" \/>\n\t<meta property=\"og:image:type\" content=\"image\/jpeg\" \/>\n<meta name=\"author\" content=\"Xavi Franco\" \/>\n<meta name=\"twitter:card\" content=\"summary_large_image\" \/>\n<meta name=\"twitter:label1\" content=\"Escrit per\" \/>\n\t<meta name=\"twitter:data1\" content=\"Xavi Franco\" \/>\n\t<meta name=\"twitter:label2\" content=\"Temps estimat de lectura\" \/>\n\t<meta name=\"twitter:data2\" content=\"9 minuts\" \/>\n<script type=\"application\/ld+json\" class=\"yoast-schema-graph\">{\"@context\":\"https:\\\/\\\/schema.org\",\"@graph\":[{\"@type\":\"Article\",\"@id\":\"https:\\\/\\\/pactozero.com\\\/ca\\\/5-aspectes-clau-per-a-leconomia-circular-de-la-llei-7-2022-de-residus-i-sols-contaminats\\\/#article\",\"isPartOf\":{\"@id\":\"https:\\\/\\\/pactozero.com\\\/ca\\\/5-aspectes-clau-per-a-leconomia-circular-de-la-llei-7-2022-de-residus-i-sols-contaminats\\\/\"},\"author\":{\"name\":\"Xavi Franco\",\"@id\":\"https:\\\/\\\/pactozero.com\\\/ca\\\/#\\\/schema\\\/person\\\/2eb990c122c77fc84a76a7048890fafe\"},\"headline\":\"5 aspectes clau per a l&#8217;Economia Circular de la Llei 7\\\/2022 de residus i s\u00f2ls contaminats\",\"datePublished\":\"2022-11-10T12:30:20+00:00\",\"dateModified\":\"2025-06-19T15:59:05+00:00\",\"mainEntityOfPage\":{\"@id\":\"https:\\\/\\\/pactozero.com\\\/ca\\\/5-aspectes-clau-per-a-leconomia-circular-de-la-llei-7-2022-de-residus-i-sols-contaminats\\\/\"},\"wordCount\":1782,\"publisher\":{\"@id\":\"https:\\\/\\\/pactozero.com\\\/ca\\\/#organization\"},\"image\":{\"@id\":\"https:\\\/\\\/pactozero.com\\\/ca\\\/5-aspectes-clau-per-a-leconomia-circular-de-la-llei-7-2022-de-residus-i-sols-contaminats\\\/#primaryimage\"},\"thumbnailUrl\":\"https:\\\/\\\/pactozero.com\\\/wp-content\\\/uploads\\\/2022\\\/11\\\/Foto-de-Markus-Spiske-en-unsplash.jpg\",\"keywords\":[\"Economia Circular\",\"Llei 7\\\/2002\"],\"articleSection\":[\"Normativa\"],\"inLanguage\":\"ca\"},{\"@type\":\"WebPage\",\"@id\":\"https:\\\/\\\/pactozero.com\\\/ca\\\/5-aspectes-clau-per-a-leconomia-circular-de-la-llei-7-2022-de-residus-i-sols-contaminats\\\/\",\"url\":\"https:\\\/\\\/pactozero.com\\\/ca\\\/5-aspectes-clau-per-a-leconomia-circular-de-la-llei-7-2022-de-residus-i-sols-contaminats\\\/\",\"name\":\"5 aspectes clau per a l'Economia Circular de la Llei 7\\\/2022 de residus i s\u00f2ls contaminats - PactoZero | Envases reutilizables para un residuo zero\",\"isPartOf\":{\"@id\":\"https:\\\/\\\/pactozero.com\\\/ca\\\/#website\"},\"primaryImageOfPage\":{\"@id\":\"https:\\\/\\\/pactozero.com\\\/ca\\\/5-aspectes-clau-per-a-leconomia-circular-de-la-llei-7-2022-de-residus-i-sols-contaminats\\\/#primaryimage\"},\"image\":{\"@id\":\"https:\\\/\\\/pactozero.com\\\/ca\\\/5-aspectes-clau-per-a-leconomia-circular-de-la-llei-7-2022-de-residus-i-sols-contaminats\\\/#primaryimage\"},\"thumbnailUrl\":\"https:\\\/\\\/pactozero.com\\\/wp-content\\\/uploads\\\/2022\\\/11\\\/Foto-de-Markus-Spiske-en-unsplash.jpg\",\"datePublished\":\"2022-11-10T12:30:20+00:00\",\"dateModified\":\"2025-06-19T15:59:05+00:00\",\"description\":\"La nova Llei 7\\\/2022 aplica en primer lloc el principi de jerarquia de residus en la reducci\u00f3 de l'impacte mediambiental, en ordre de m\u00e9s a menys prefer\u00e8ncia: Prevenci\u00f3, Preparaci\u00f3 per a la reutilitzaci\u00f3, Reciclatge i Eliminaci\u00f3.\",\"breadcrumb\":{\"@id\":\"https:\\\/\\\/pactozero.com\\\/ca\\\/5-aspectes-clau-per-a-leconomia-circular-de-la-llei-7-2022-de-residus-i-sols-contaminats\\\/#breadcrumb\"},\"inLanguage\":\"ca\",\"potentialAction\":[{\"@type\":\"ReadAction\",\"target\":[\"https:\\\/\\\/pactozero.com\\\/ca\\\/5-aspectes-clau-per-a-leconomia-circular-de-la-llei-7-2022-de-residus-i-sols-contaminats\\\/\"]}]},{\"@type\":\"ImageObject\",\"inLanguage\":\"ca\",\"@id\":\"https:\\\/\\\/pactozero.com\\\/ca\\\/5-aspectes-clau-per-a-leconomia-circular-de-la-llei-7-2022-de-residus-i-sols-contaminats\\\/#primaryimage\",\"url\":\"https:\\\/\\\/pactozero.com\\\/wp-content\\\/uploads\\\/2022\\\/11\\\/Foto-de-Markus-Spiske-en-unsplash.jpg\",\"contentUrl\":\"https:\\\/\\\/pactozero.com\\\/wp-content\\\/uploads\\\/2022\\\/11\\\/Foto-de-Markus-Spiske-en-unsplash.jpg\",\"width\":812,\"height\":664},{\"@type\":\"BreadcrumbList\",\"@id\":\"https:\\\/\\\/pactozero.com\\\/ca\\\/5-aspectes-clau-per-a-leconomia-circular-de-la-llei-7-2022-de-residus-i-sols-contaminats\\\/#breadcrumb\",\"itemListElement\":[{\"@type\":\"ListItem\",\"position\":1,\"name\":\"Portada\",\"item\":\"https:\\\/\\\/pactozero.com\\\/ca\\\/\"},{\"@type\":\"ListItem\",\"position\":2,\"name\":\"5 aspectes clau per a l&#8217;Economia Circular de la Llei 7\\\/2022 de residus i s\u00f2ls contaminats\"}]},{\"@type\":\"WebSite\",\"@id\":\"https:\\\/\\\/pactozero.com\\\/ca\\\/#website\",\"url\":\"https:\\\/\\\/pactozero.com\\\/ca\\\/\",\"name\":\"PactoZero | Sistemas de reutilizaci\u00f3n de envases para un residuo zero\",\"description\":\"PactoZero | Envases reutilizables para un residuo zero\",\"publisher\":{\"@id\":\"https:\\\/\\\/pactozero.com\\\/ca\\\/#organization\"},\"potentialAction\":[{\"@type\":\"SearchAction\",\"target\":{\"@type\":\"EntryPoint\",\"urlTemplate\":\"https:\\\/\\\/pactozero.com\\\/ca\\\/?s={search_term_string}\"},\"query-input\":{\"@type\":\"PropertyValueSpecification\",\"valueRequired\":true,\"valueName\":\"search_term_string\"}}],\"inLanguage\":\"ca\"},{\"@type\":\"Organization\",\"@id\":\"https:\\\/\\\/pactozero.com\\\/ca\\\/#organization\",\"name\":\"PactoZero | Envases reutilizables para un residuo zero\",\"url\":\"https:\\\/\\\/pactozero.com\\\/ca\\\/\",\"logo\":{\"@type\":\"ImageObject\",\"inLanguage\":\"ca\",\"@id\":\"https:\\\/\\\/pactozero.com\\\/ca\\\/#\\\/schema\\\/logo\\\/image\\\/\",\"url\":\"https:\\\/\\\/pactozero.com\\\/wp-content\\\/uploads\\\/2022\\\/09\\\/renovation-PactoZero.png\",\"contentUrl\":\"https:\\\/\\\/pactozero.com\\\/wp-content\\\/uploads\\\/2022\\\/09\\\/renovation-PactoZero.png\",\"width\":903,\"height\":221,\"caption\":\"PactoZero | Envases reutilizables para un residuo zero\"},\"image\":{\"@id\":\"https:\\\/\\\/pactozero.com\\\/ca\\\/#\\\/schema\\\/logo\\\/image\\\/\"},\"sameAs\":[\"https:\\\/\\\/www.instagram.com\\\/pactozero\"]},{\"@type\":\"Person\",\"@id\":\"https:\\\/\\\/pactozero.com\\\/ca\\\/#\\\/schema\\\/person\\\/2eb990c122c77fc84a76a7048890fafe\",\"name\":\"Xavi Franco\",\"image\":{\"@type\":\"ImageObject\",\"inLanguage\":\"ca\",\"@id\":\"https:\\\/\\\/secure.gravatar.com\\\/avatar\\\/7b96c583264b26a32e776ac0d7fc4aa7cb0816f47c453b7770001d1ed5f1c2d6?s=96&d=mm&r=g\",\"url\":\"https:\\\/\\\/secure.gravatar.com\\\/avatar\\\/7b96c583264b26a32e776ac0d7fc4aa7cb0816f47c453b7770001d1ed5f1c2d6?s=96&d=mm&r=g\",\"contentUrl\":\"https:\\\/\\\/secure.gravatar.com\\\/avatar\\\/7b96c583264b26a32e776ac0d7fc4aa7cb0816f47c453b7770001d1ed5f1c2d6?s=96&d=mm&r=g\",\"caption\":\"Xavi Franco\"},\"url\":\"https:\\\/\\\/pactozero.com\\\/ca\\\/author\\\/xfranco\\\/\"}]}<\/script>\n<!-- \/ Yoast SEO plugin. -->","yoast_head_json":{"title":"5 aspectes clau per a l'Economia Circular de la Llei 7\/2022 de residus i s\u00f2ls contaminats - PactoZero | Envases reutilizables para un residuo zero","description":"La nova Llei 7\/2022 aplica en primer lloc el principi de jerarquia de residus en la reducci\u00f3 de l'impacte mediambiental, en ordre de m\u00e9s a menys prefer\u00e8ncia: Prevenci\u00f3, Preparaci\u00f3 per a la reutilitzaci\u00f3, Reciclatge i Eliminaci\u00f3.","robots":{"index":"index","follow":"follow","max-snippet":"max-snippet:-1","max-image-preview":"max-image-preview:large","max-video-preview":"max-video-preview:-1"},"canonical":"https:\/\/pactozero.com\/ca\/5-aspectes-clau-per-a-leconomia-circular-de-la-llei-7-2022-de-residus-i-sols-contaminats\/","og_locale":"ca_ES","og_type":"article","og_title":"5 aspectes clau per a l'Economia Circular de la Llei 7\/2022 de residus i s\u00f2ls contaminats - PactoZero | Envases reutilizables para un residuo zero","og_description":"La nova Llei 7\/2022 aplica en primer lloc el principi de jerarquia de residus en la reducci\u00f3 de l'impacte mediambiental, en ordre de m\u00e9s a menys prefer\u00e8ncia: Prevenci\u00f3, Preparaci\u00f3 per a la reutilitzaci\u00f3, Reciclatge i Eliminaci\u00f3.","og_url":"https:\/\/pactozero.com\/ca\/5-aspectes-clau-per-a-leconomia-circular-de-la-llei-7-2022-de-residus-i-sols-contaminats\/","og_site_name":"PactoZero | Envases reutilizables para un residuo zero","article_published_time":"2022-11-10T12:30:20+00:00","article_modified_time":"2025-06-19T15:59:05+00:00","og_image":[{"width":812,"height":664,"url":"https:\/\/pactozero.com\/wp-content\/uploads\/2022\/11\/Foto-de-Markus-Spiske-en-unsplash.jpg","type":"image\/jpeg"}],"author":"Xavi Franco","twitter_card":"summary_large_image","twitter_misc":{"Escrit per":"Xavi Franco","Temps estimat de lectura":"9 minuts"},"schema":{"@context":"https:\/\/schema.org","@graph":[{"@type":"Article","@id":"https:\/\/pactozero.com\/ca\/5-aspectes-clau-per-a-leconomia-circular-de-la-llei-7-2022-de-residus-i-sols-contaminats\/#article","isPartOf":{"@id":"https:\/\/pactozero.com\/ca\/5-aspectes-clau-per-a-leconomia-circular-de-la-llei-7-2022-de-residus-i-sols-contaminats\/"},"author":{"name":"Xavi Franco","@id":"https:\/\/pactozero.com\/ca\/#\/schema\/person\/2eb990c122c77fc84a76a7048890fafe"},"headline":"5 aspectes clau per a l&#8217;Economia Circular de la Llei 7\/2022 de residus i s\u00f2ls contaminats","datePublished":"2022-11-10T12:30:20+00:00","dateModified":"2025-06-19T15:59:05+00:00","mainEntityOfPage":{"@id":"https:\/\/pactozero.com\/ca\/5-aspectes-clau-per-a-leconomia-circular-de-la-llei-7-2022-de-residus-i-sols-contaminats\/"},"wordCount":1782,"publisher":{"@id":"https:\/\/pactozero.com\/ca\/#organization"},"image":{"@id":"https:\/\/pactozero.com\/ca\/5-aspectes-clau-per-a-leconomia-circular-de-la-llei-7-2022-de-residus-i-sols-contaminats\/#primaryimage"},"thumbnailUrl":"https:\/\/pactozero.com\/wp-content\/uploads\/2022\/11\/Foto-de-Markus-Spiske-en-unsplash.jpg","keywords":["Economia Circular","Llei 7\/2002"],"articleSection":["Normativa"],"inLanguage":"ca"},{"@type":"WebPage","@id":"https:\/\/pactozero.com\/ca\/5-aspectes-clau-per-a-leconomia-circular-de-la-llei-7-2022-de-residus-i-sols-contaminats\/","url":"https:\/\/pactozero.com\/ca\/5-aspectes-clau-per-a-leconomia-circular-de-la-llei-7-2022-de-residus-i-sols-contaminats\/","name":"5 aspectes clau per a l'Economia Circular de la Llei 7\/2022 de residus i s\u00f2ls contaminats - PactoZero | Envases reutilizables para un residuo zero","isPartOf":{"@id":"https:\/\/pactozero.com\/ca\/#website"},"primaryImageOfPage":{"@id":"https:\/\/pactozero.com\/ca\/5-aspectes-clau-per-a-leconomia-circular-de-la-llei-7-2022-de-residus-i-sols-contaminats\/#primaryimage"},"image":{"@id":"https:\/\/pactozero.com\/ca\/5-aspectes-clau-per-a-leconomia-circular-de-la-llei-7-2022-de-residus-i-sols-contaminats\/#primaryimage"},"thumbnailUrl":"https:\/\/pactozero.com\/wp-content\/uploads\/2022\/11\/Foto-de-Markus-Spiske-en-unsplash.jpg","datePublished":"2022-11-10T12:30:20+00:00","dateModified":"2025-06-19T15:59:05+00:00","description":"La nova Llei 7\/2022 aplica en primer lloc el principi de jerarquia de residus en la reducci\u00f3 de l'impacte mediambiental, en ordre de m\u00e9s a menys prefer\u00e8ncia: Prevenci\u00f3, Preparaci\u00f3 per a la reutilitzaci\u00f3, Reciclatge i Eliminaci\u00f3.","breadcrumb":{"@id":"https:\/\/pactozero.com\/ca\/5-aspectes-clau-per-a-leconomia-circular-de-la-llei-7-2022-de-residus-i-sols-contaminats\/#breadcrumb"},"inLanguage":"ca","potentialAction":[{"@type":"ReadAction","target":["https:\/\/pactozero.com\/ca\/5-aspectes-clau-per-a-leconomia-circular-de-la-llei-7-2022-de-residus-i-sols-contaminats\/"]}]},{"@type":"ImageObject","inLanguage":"ca","@id":"https:\/\/pactozero.com\/ca\/5-aspectes-clau-per-a-leconomia-circular-de-la-llei-7-2022-de-residus-i-sols-contaminats\/#primaryimage","url":"https:\/\/pactozero.com\/wp-content\/uploads\/2022\/11\/Foto-de-Markus-Spiske-en-unsplash.jpg","contentUrl":"https:\/\/pactozero.com\/wp-content\/uploads\/2022\/11\/Foto-de-Markus-Spiske-en-unsplash.jpg","width":812,"height":664},{"@type":"BreadcrumbList","@id":"https:\/\/pactozero.com\/ca\/5-aspectes-clau-per-a-leconomia-circular-de-la-llei-7-2022-de-residus-i-sols-contaminats\/#breadcrumb","itemListElement":[{"@type":"ListItem","position":1,"name":"Portada","item":"https:\/\/pactozero.com\/ca\/"},{"@type":"ListItem","position":2,"name":"5 aspectes clau per a l&#8217;Economia Circular de la Llei 7\/2022 de residus i s\u00f2ls contaminats"}]},{"@type":"WebSite","@id":"https:\/\/pactozero.com\/ca\/#website","url":"https:\/\/pactozero.com\/ca\/","name":"PactoZero | Sistemas de reutilizaci\u00f3n de envases para un residuo zero","description":"PactoZero | Envases reutilizables para un residuo zero","publisher":{"@id":"https:\/\/pactozero.com\/ca\/#organization"},"potentialAction":[{"@type":"SearchAction","target":{"@type":"EntryPoint","urlTemplate":"https:\/\/pactozero.com\/ca\/?s={search_term_string}"},"query-input":{"@type":"PropertyValueSpecification","valueRequired":true,"valueName":"search_term_string"}}],"inLanguage":"ca"},{"@type":"Organization","@id":"https:\/\/pactozero.com\/ca\/#organization","name":"PactoZero | Envases reutilizables para un residuo zero","url":"https:\/\/pactozero.com\/ca\/","logo":{"@type":"ImageObject","inLanguage":"ca","@id":"https:\/\/pactozero.com\/ca\/#\/schema\/logo\/image\/","url":"https:\/\/pactozero.com\/wp-content\/uploads\/2022\/09\/renovation-PactoZero.png","contentUrl":"https:\/\/pactozero.com\/wp-content\/uploads\/2022\/09\/renovation-PactoZero.png","width":903,"height":221,"caption":"PactoZero | Envases reutilizables para un residuo zero"},"image":{"@id":"https:\/\/pactozero.com\/ca\/#\/schema\/logo\/image\/"},"sameAs":["https:\/\/www.instagram.com\/pactozero"]},{"@type":"Person","@id":"https:\/\/pactozero.com\/ca\/#\/schema\/person\/2eb990c122c77fc84a76a7048890fafe","name":"Xavi Franco","image":{"@type":"ImageObject","inLanguage":"ca","@id":"https:\/\/secure.gravatar.com\/avatar\/7b96c583264b26a32e776ac0d7fc4aa7cb0816f47c453b7770001d1ed5f1c2d6?s=96&d=mm&r=g","url":"https:\/\/secure.gravatar.com\/avatar\/7b96c583264b26a32e776ac0d7fc4aa7cb0816f47c453b7770001d1ed5f1c2d6?s=96&d=mm&r=g","contentUrl":"https:\/\/secure.gravatar.com\/avatar\/7b96c583264b26a32e776ac0d7fc4aa7cb0816f47c453b7770001d1ed5f1c2d6?s=96&d=mm&r=g","caption":"Xavi Franco"},"url":"https:\/\/pactozero.com\/ca\/author\/xfranco\/"}]}},"_links":{"self":[{"href":"https:\/\/pactozero.com\/ca\/wp-json\/wp\/v2\/posts\/2395","targetHints":{"allow":["GET"]}}],"collection":[{"href":"https:\/\/pactozero.com\/ca\/wp-json\/wp\/v2\/posts"}],"about":[{"href":"https:\/\/pactozero.com\/ca\/wp-json\/wp\/v2\/types\/post"}],"author":[{"embeddable":true,"href":"https:\/\/pactozero.com\/ca\/wp-json\/wp\/v2\/users\/3"}],"replies":[{"embeddable":true,"href":"https:\/\/pactozero.com\/ca\/wp-json\/wp\/v2\/comments?post=2395"}],"version-history":[{"count":9,"href":"https:\/\/pactozero.com\/ca\/wp-json\/wp\/v2\/posts\/2395\/revisions"}],"predecessor-version":[{"id":3137,"href":"https:\/\/pactozero.com\/ca\/wp-json\/wp\/v2\/posts\/2395\/revisions\/3137"}],"wp:featuredmedia":[{"embeddable":true,"href":"https:\/\/pactozero.com\/ca\/wp-json\/wp\/v2\/media\/2319"}],"wp:attachment":[{"href":"https:\/\/pactozero.com\/ca\/wp-json\/wp\/v2\/media?parent=2395"}],"wp:term":[{"taxonomy":"category","embeddable":true,"href":"https:\/\/pactozero.com\/ca\/wp-json\/wp\/v2\/categories?post=2395"},{"taxonomy":"post_tag","embeddable":true,"href":"https:\/\/pactozero.com\/ca\/wp-json\/wp\/v2\/tags?post=2395"}],"curies":[{"name":"wp","href":"https:\/\/api.w.org\/{rel}","templated":true}]}}