{"id":2401,"date":"2022-10-21T13:14:32","date_gmt":"2022-10-21T11:14:32","guid":{"rendered":"https:\/\/pactozero.com\/envasos-de-plastic-en-2030-transformacio-o-disrupcio\/"},"modified":"2025-06-19T18:01:47","modified_gmt":"2025-06-19T16:01:47","slug":"envasos-de-plastic-en-2030-transformacio-o-disrupcio","status":"publish","type":"post","link":"https:\/\/pactozero.com\/ca\/envasos-de-plastic-en-2030-transformacio-o-disrupcio\/","title":{"rendered":"Envasos de pl\u00e0stic en 2030: Transformaci\u00f3 o disrupci\u00f3?"},"content":{"rendered":"<p>[et_pb_section fb_built=&#8221;1&#8243; admin_label=&#8221;Market Information Section&#8221; _builder_version=&#8221;4.16&#8243; custom_padding=&#8221;10px||0px|||&#8221; global_colors_info=&#8221;{}&#8221;][et_pb_row admin_label=&#8221;Market Information Title Area&#8221; _builder_version=&#8221;4.16&#8243; custom_padding=&#8221;40px|0px|40px|0px&#8221; global_colors_info=&#8221;{}&#8221;][et_pb_column type=&#8221;4_4&#8243; _builder_version=&#8221;4.16&#8243; custom_padding=&#8221;|||&#8221; global_colors_info=&#8221;{}&#8221; custom_padding__hover=&#8221;|||&#8221;][et_pb_text _builder_version=&#8221;4.18.0&#8243; text_font=&#8221;||||||||&#8221; text_font_size=&#8221;21px&#8221; text_line_height=&#8221;1.8em&#8221; header_font=&#8221;||||||||&#8221; animation_style=&#8221;flip&#8221; animation_direction=&#8221;left&#8221; animation_intensity_flip=&#8221;20%&#8221; animation_starting_opacity=&#8221;100%&#8221; global_colors_info=&#8221;{}&#8221;]<\/p>\n<h2 style=\"text-align: center;\"><span>Analitzem la transformaci\u00f3 de la funci\u00f3 d&#8217;envasament &#8211; reproducci\u00f3 d&#8217;un article publicat per Xavi Franco l&#8217;agost de 2021.<\/span><\/h2>\n<p>[\/et_pb_text][\/et_pb_column][\/et_pb_row][et_pb_row admin_label=&#8221;Market Information Title Area&#8221; _builder_version=&#8221;4.16&#8243; custom_padding=&#8221;40px|0px|40px|0px&#8221; global_colors_info=&#8221;{}&#8221;][et_pb_column type=&#8221;4_4&#8243; _builder_version=&#8221;4.16&#8243; custom_padding=&#8221;|||&#8221; global_colors_info=&#8221;{}&#8221; custom_padding__hover=&#8221;|||&#8221;][et_pb_text _builder_version=&#8221;4.18.0&#8243; _module_preset=&#8221;default&#8221; global_colors_info=&#8221;{}&#8221;]<\/p>\n<p><span style=\"font-weight: 400;\">La sostenibilitat ha impulsat m\u00e9s canvis en l&#8217;envasament en els \u00faltims 3 anys que en els 20 anys anteriors, i aix\u00f2 pot ser nom\u00e9s una petita mostra del que s&#8217;acosta. La visibilitat de la contaminaci\u00f3 per pl\u00e0stic mar\u00ed i costaner a les not\u00edcies i les xarxes socials ha posat <strong>els envasos de pl\u00e0stic al centre d&#8217;atenci\u00f3<\/strong>, i ha motivat que algunes empreses capdavanteres d&#8217;envasos i b\u00e9ns de consum massiu comencin a mostrar comprom\u00eds per reduir-ne l&#8217;impacte. Per descomptat, la preocupaci\u00f3 i l&#8217;acci\u00f3 dels legisladors sobre la sostenibilitat dels envasos -esment especial per a la UE aqu\u00ed- tamb\u00e9 ha ajudat a posar en les agendes aquest tema.<\/span><\/p>\n<p><span style=\"font-weight: 400;\"><\/span><\/p>\n<blockquote>\n<h4>Solucions compostables o alternatives a base de paper&#8230;<span style=\"font-weight: 400;\"><\/span><\/h4>\n<\/blockquote>\n<p><span style=\"font-weight: 400;\">Molts dels esfor\u00e7os s&#8217;han dirigit al reciclatge: quins materials, tecnologies i infraestructura s\u00f3n millors. S&#8217;han publicat guies de disseny d&#8217;envasos per a la reciclabilitat, i han aparegut etiquetes per al disseny ecol\u00f2gic, aix\u00ed com per al marcat i la classificaci\u00f3 de reciclables (possiblement massa). S&#8217;han llan\u00e7at m\u00e9s productes en paquets que afirmen ser reciclables, alguns han canviat els materials del pl\u00e0stic convencional a solucions compostables o solucions alternatives a base de paper, i en general aquests canvis s&#8217;anuncien als clients com a part del pla de sostenibilitat de l&#8217;empresa. Existeix una visi\u00f3 ut\u00f2pica que el reciclatge es converteixi en la soluci\u00f3 eficient i convenient per a la circularitat de cada material d&#8217;empaquetatge.<\/span><\/p>\n<p><span style=\"font-weight: 400;\"><\/span><\/p>\n<p><span style=\"font-weight: 400;\">De fet, hi ha brots verds per a reciclar. Aquest \u00e9s el cas de les ampolles de PET que, quan es classifiquen directament en la recol\u00b7lecci\u00f3 i es tracten novament com un flux separat per a la producci\u00f3 d&#8217;ampolles, es poden reciclar moltes vegades. Tot i que \u00e9s una bona not\u00edcia que estiguem aprenent a treballar amb materials reciclats per als envasos, el pl\u00e0stic en particular mostra xifres molt dolentes en general. <strong>Segons les estad\u00edstiques publicades per la UE, nom\u00e9s el 41% dels envasos de pl\u00e0stic recollits es reciclen a nivell europeu<\/strong>, i la majoria es recicla (utilitzats per a aplicacions menys exigents).<\/span><\/p>\n<p>[\/et_pb_text][et_pb_text _builder_version=&#8221;4.18.0&#8243; _module_preset=&#8221;default&#8221; global_colors_info=&#8221;{}&#8221;][\/et_pb_text][\/et_pb_column][\/et_pb_row][et_pb_row column_structure=&#8221;1_3,2_3&#8243; admin_label=&#8221;Market Information Title Area&#8221; _builder_version=&#8221;4.16&#8243; custom_padding=&#8221;40px|0px|40px|0px&#8221; global_colors_info=&#8221;{}&#8221;][et_pb_column type=&#8221;1_3&#8243; _builder_version=&#8221;4.16&#8243; custom_padding=&#8221;|||&#8221; global_colors_info=&#8221;{}&#8221; custom_padding__hover=&#8221;|||&#8221;][et_pb_text admin_label=&#8221;Title&#8221; _builder_version=&#8221;4.18.0&#8243; text_font=&#8221;||||||||&#8221; header_font=&#8221;||||||||&#8221; header_2_font=&#8221;||||||||&#8221; header_2_font_size=&#8221;36px&#8221; header_2_line_height=&#8221;1.5em&#8221; custom_padding=&#8221;|||&#8221; animation_direction=&#8221;left&#8221; global_colors_info=&#8221;{}&#8221;]<\/p>\n<h2><span>Estem fent els passos correctes?<\/span><\/h2>\n<p>[\/et_pb_text][\/et_pb_column][et_pb_column type=&#8221;2_3&#8243; _builder_version=&#8221;4.16&#8243; custom_padding=&#8221;|||&#8221; global_colors_info=&#8221;{}&#8221; custom_padding__hover=&#8221;|||&#8221;][et_pb_text _builder_version=&#8221;4.18.0&#8243; text_font=&#8221;||||||||&#8221; text_font_size=&#8221;16px&#8221; text_line_height=&#8221;1.8em&#8221; header_font=&#8221;||||||||&#8221; animation_style=&#8221;flip&#8221; animation_direction=&#8221;left&#8221; animation_intensity_flip=&#8221;20%&#8221; animation_starting_opacity=&#8221;100%&#8221; global_colors_info=&#8221;{}&#8221;]<\/p>\n<p><span style=\"font-weight: 400;\">La pregunta clau \u00e9s, realment estem fent els passos correctes cap a un envasament sostenible?<strong> Estan les empreses realment triant la millor estrat\u00e8gia per a tancar la bretxa cap a un model circular neutral en carboni?<\/strong> O aquesta utopia del reciclatge \u00e9s una manera de mantenir el negoci en funcionament amb volums grans i creixents, mentre s&#8217;impulsen les inversions en aquest camp?<\/span><\/p>\n<p>[\/et_pb_text][\/et_pb_column][\/et_pb_row][et_pb_row _builder_version=&#8221;4.18.0&#8243; _module_preset=&#8221;default&#8221; global_colors_info=&#8221;{}&#8221;][et_pb_column type=&#8221;4_4&#8243; _builder_version=&#8221;4.18.0&#8243; _module_preset=&#8221;default&#8221; global_colors_info=&#8221;{}&#8221;][et_pb_text _builder_version=&#8221;4.18.0&#8243; _module_preset=&#8221;default&#8221; global_colors_info=&#8221;{}&#8221;]<\/p>\n<p><span style=\"font-weight: 400;\"><strong>L&#8217;efectivitat del sistema de reciclatge actual ha estat q\u00fcestionada<\/strong>, i les organitzacions ambientalistes han considerat que el model d&#8217;un sol \u00fas est\u00e0 trencat. El creixement real de l&#8217;\u00fas de materials supera el creixement dels materials reciclats i, a aquest ritme, es preveu que els recursos necessaris per a l&#8217;envasament es tripliquin per a 2050, probablement esgotant les fonts f\u00f2ssils. A la vista d&#8217;aquestes xifres, no solucionarem el tema del reciclatge tal com el coneixem. En realitat, el reciclatge pot ser una hist\u00f2ria perfecta per a continuar fent cr\u00e9ixer un sistema que est\u00e0 en dubte, un sistema creat per a articles d&#8217;un sol \u00fas.<\/span><\/p>\n<p>[\/et_pb_text][\/et_pb_column][\/et_pb_row][et_pb_row admin_label=&#8221;Quote Text Area&#8221; _builder_version=&#8221;4.18.0&#8243; custom_padding=&#8221;0px|0px|0px|0px||&#8221; filter_hue_rotate=&#8221;36deg&#8221; filter_saturate=&#8221;43%&#8221; filter_brightness=&#8221;200%&#8221; global_colors_info=&#8221;{}&#8221;][et_pb_column type=&#8221;4_4&#8243; _builder_version=&#8221;4.18.0&#8243; custom_padding=&#8221;|||&#8221; global_colors_info=&#8221;{}&#8221; custom_padding__hover=&#8221;|||&#8221;][\/et_pb_column][\/et_pb_row][et_pb_row admin_label=&#8221;Feature 02 Area&#8221; _builder_version=&#8221;4.18.0&#8243; background_color=&#8221;#f29866&#8243; custom_margin=&#8221;|252px|38px|auto||&#8221; custom_padding=&#8221;0px|0px|0px|0px&#8221; border_radii=&#8221;on|10px|10px|10px|10px&#8221; global_colors_info=&#8221;{}&#8221;][et_pb_column type=&#8221;4_4&#8243; _builder_version=&#8221;4.16&#8243; custom_padding=&#8221;5%|5%|5%|5%&#8221; custom_padding_tablet=&#8221;0px|0px|0px|0px&#8221; custom_padding_last_edited=&#8221;off|desktop&#8221; global_colors_info=&#8221;{}&#8221; padding_tablet=&#8221;0px|0px|0px|0px&#8221; padding_last_edited=&#8221;off|desktop&#8221; custom_padding__hover=&#8221;|||&#8221;][et_pb_text admin_label=&#8221;Title&#8221; _builder_version=&#8221;4.19.0&#8243; text_font=&#8221;||||||||&#8221; text_font_size=&#8221;16px&#8221; text_line_height=&#8221;1.8em&#8221; header_font=&#8221;||||||||&#8221; header_2_font=&#8221;Lato||||||||&#8221; header_2_font_size=&#8221;36px&#8221; header_2_line_height=&#8221;1.5em&#8221; background_layout=&#8221;dark&#8221; module_alignment=&#8221;center&#8221; custom_margin=&#8221;||15px|&#8221; custom_padding=&#8221;|||&#8221; animation_direction=&#8221;left&#8221; hover_enabled=&#8221;0&#8243; locked=&#8221;off&#8221; global_colors_info=&#8221;{}&#8221; sticky_enabled=&#8221;0&#8243;]<\/p>\n<h3 style=\"text-align: center;\"><strong>Existeix un cam\u00ed alternatiu per a aconseguir un embalatge sostenible?<\/strong><\/h3>\n<p>[\/et_pb_text][et_pb_text admin_label=&#8221;Title&#8221; _builder_version=&#8221;4.19.0&#8243; text_font=&#8221;||||||||&#8221; text_font_size=&#8221;16px&#8221; text_line_height=&#8221;1.8em&#8221; header_font=&#8221;||||||||&#8221; header_2_font=&#8221;Lato||||||||&#8221; header_2_font_size=&#8221;36px&#8221; header_2_line_height=&#8221;1.5em&#8221; background_layout=&#8221;dark&#8221; module_alignment=&#8221;center&#8221; custom_margin=&#8221;||15px|&#8221; custom_padding=&#8221;|||&#8221; animation_direction=&#8221;left&#8221; hover_enabled=&#8221;0&#8243; locked=&#8221;off&#8221; global_colors_info=&#8221;{}&#8221; sticky_enabled=&#8221;0&#8243;]<\/p>\n<p style=\"text-align: center;\"><span style=\"font-weight: 400;\">\u00c9s necessari definir una nova cadena de valor de recol\u00b7lecci\u00f3 i reciclatge perqu\u00e8 els materials puguin retenir millor el seu valor i reduir la necessitat de processament posterior. Aix\u00f2 reduiria l&#8217;impacte dels processos posteriors al consum i tamb\u00e9 seria econ\u00f2micament convenient. Es requereixen canvis estructurals en la cadena de valor, per\u00f2 tamb\u00e9 juntament amb un canvi de comportament en la forma en qu\u00e8 nosaltres, com a individus, tractem amb els envasos, per a ajudar a reduir dr\u00e0sticament la nostra petjada.<\/span><\/p>\n<p style=\"text-align: center;\"><span style=\"font-weight: 400;\"><strong>Com hauria de ser aquesta cadena de valor? Una cadena de valor que sigui capa\u00e7 de recuperar envasos per a reciclar, per\u00f2 tamb\u00e9 per a reutilitzar-los, \u00e9s una alternativa?<\/strong> La reutilitzaci\u00f3 \u00e9s una forma desafiadora, per\u00f2 directa d&#8217;aconseguir un canvi radical en la mitigaci\u00f3 del carboni i la depend\u00e8ncia dels recursos que busquem en els envasos. Requereix infraestructura de suport i una bona experi\u00e8ncia d&#8217;usuari per a guanyar tracci\u00f3. En escala, tamb\u00e9 pot ser econ\u00f2micament competitiu enfront de les alternatives de reciclatge, la qual cosa pot desencadenar una adopci\u00f3 m\u00e9s \u00e0mplia. Val la pena treballar en aquesta nova cadena de valor que pot aportar una veritable circularitat als envasos. Per\u00f2 aix\u00f2, per descomptat, seria innovador i representaria un risc per al nostre model de producci\u00f3 establert basat en el volum.<\/span><\/p>\n<p>&nbsp;<\/p>\n<p>[\/et_pb_text][\/et_pb_column][\/et_pb_row][\/et_pb_section]<\/p>\n","protected":false},"excerpt":{"rendered":"<p>Analitzem el futur dels envasos de pl\u00e0stic Quines alternatives existeixen? Anem en la direcci\u00f3 correcta?<\/p>\n","protected":false},"author":3,"featured_media":2318,"comment_status":"closed","ping_status":"open","sticky":false,"template":"","format":"standard","meta":{"_et_pb_use_builder":"on","_et_pb_old_content":"","_et_gb_content_width":"","footnotes":""},"categories":[42,1],"tags":[],"class_list":["post-2401","post","type-post","status-publish","format-standard","has-post-thumbnail","hentry","category-normativa-ca","category-societat"],"yoast_head":"<!-- This site is optimized with the Yoast SEO plugin v27.5 - https:\/\/yoast.com\/product\/yoast-seo-wordpress\/ -->\n<title>Envasos de pl\u00e0stic en 2030: Transformaci\u00f3 o disrupci\u00f3? -<\/title>\n<meta name=\"description\" content=\"Analitzem el futur dels envasos de pl\u00e0stic Quines alternatives existeixen? Anem en la direcci\u00f3 correcta?\" \/>\n<meta name=\"robots\" content=\"index, follow, max-snippet:-1, max-image-preview:large, max-video-preview:-1\" \/>\n<link rel=\"canonical\" href=\"https:\/\/pactozero.com\/ca\/envasos-de-plastic-en-2030-transformacio-o-disrupcio\/\" \/>\n<meta property=\"og:locale\" content=\"ca_ES\" \/>\n<meta property=\"og:type\" content=\"article\" \/>\n<meta property=\"og:title\" content=\"Envasos de pl\u00e0stic en 2030: Transformaci\u00f3 o disrupci\u00f3? -\" \/>\n<meta property=\"og:description\" content=\"Analitzem el futur dels envasos de pl\u00e0stic Quines alternatives existeixen? Anem en la direcci\u00f3 correcta?\" \/>\n<meta property=\"og:url\" content=\"https:\/\/pactozero.com\/ca\/envasos-de-plastic-en-2030-transformacio-o-disrupcio\/\" \/>\n<meta property=\"og:site_name\" content=\"PactoZero | Envases reutilizables para un residuo zero\" \/>\n<meta property=\"article:published_time\" content=\"2022-10-21T11:14:32+00:00\" \/>\n<meta property=\"article:modified_time\" content=\"2025-06-19T16:01:47+00:00\" \/>\n<meta property=\"og:image\" content=\"https:\/\/pactozero.com\/wp-content\/uploads\/2022\/10\/envases-plastico.jpg\" \/>\n\t<meta property=\"og:image:width\" content=\"1920\" \/>\n\t<meta property=\"og:image:height\" content=\"1116\" \/>\n\t<meta property=\"og:image:type\" content=\"image\/jpeg\" \/>\n<meta name=\"author\" content=\"Xavi Franco\" \/>\n<meta name=\"twitter:card\" content=\"summary_large_image\" \/>\n<meta name=\"twitter:label1\" content=\"Escrit per\" \/>\n\t<meta name=\"twitter:data1\" content=\"Xavi Franco\" \/>\n\t<meta name=\"twitter:label2\" content=\"Temps estimat de lectura\" \/>\n\t<meta name=\"twitter:data2\" content=\"7 minuts\" \/>\n<script type=\"application\/ld+json\" class=\"yoast-schema-graph\">{\"@context\":\"https:\\\/\\\/schema.org\",\"@graph\":[{\"@type\":\"Article\",\"@id\":\"https:\\\/\\\/pactozero.com\\\/ca\\\/envasos-de-plastic-en-2030-transformacio-o-disrupcio\\\/#article\",\"isPartOf\":{\"@id\":\"https:\\\/\\\/pactozero.com\\\/ca\\\/envasos-de-plastic-en-2030-transformacio-o-disrupcio\\\/\"},\"author\":{\"name\":\"Xavi Franco\",\"@id\":\"https:\\\/\\\/pactozero.com\\\/ca\\\/#\\\/schema\\\/person\\\/2eb990c122c77fc84a76a7048890fafe\"},\"headline\":\"Envasos de pl\u00e0stic en 2030: Transformaci\u00f3 o disrupci\u00f3?\",\"datePublished\":\"2022-10-21T11:14:32+00:00\",\"dateModified\":\"2025-06-19T16:01:47+00:00\",\"mainEntityOfPage\":{\"@id\":\"https:\\\/\\\/pactozero.com\\\/ca\\\/envasos-de-plastic-en-2030-transformacio-o-disrupcio\\\/\"},\"wordCount\":1348,\"publisher\":{\"@id\":\"https:\\\/\\\/pactozero.com\\\/ca\\\/#organization\"},\"image\":{\"@id\":\"https:\\\/\\\/pactozero.com\\\/ca\\\/envasos-de-plastic-en-2030-transformacio-o-disrupcio\\\/#primaryimage\"},\"thumbnailUrl\":\"https:\\\/\\\/pactozero.com\\\/wp-content\\\/uploads\\\/2022\\\/10\\\/envases-plastico.jpg\",\"articleSection\":[\"Normativa\",\"Societat\"],\"inLanguage\":\"ca\"},{\"@type\":\"WebPage\",\"@id\":\"https:\\\/\\\/pactozero.com\\\/ca\\\/envasos-de-plastic-en-2030-transformacio-o-disrupcio\\\/\",\"url\":\"https:\\\/\\\/pactozero.com\\\/ca\\\/envasos-de-plastic-en-2030-transformacio-o-disrupcio\\\/\",\"name\":\"Envasos de pl\u00e0stic en 2030: Transformaci\u00f3 o disrupci\u00f3? -\",\"isPartOf\":{\"@id\":\"https:\\\/\\\/pactozero.com\\\/ca\\\/#website\"},\"primaryImageOfPage\":{\"@id\":\"https:\\\/\\\/pactozero.com\\\/ca\\\/envasos-de-plastic-en-2030-transformacio-o-disrupcio\\\/#primaryimage\"},\"image\":{\"@id\":\"https:\\\/\\\/pactozero.com\\\/ca\\\/envasos-de-plastic-en-2030-transformacio-o-disrupcio\\\/#primaryimage\"},\"thumbnailUrl\":\"https:\\\/\\\/pactozero.com\\\/wp-content\\\/uploads\\\/2022\\\/10\\\/envases-plastico.jpg\",\"datePublished\":\"2022-10-21T11:14:32+00:00\",\"dateModified\":\"2025-06-19T16:01:47+00:00\",\"description\":\"Analitzem el futur dels envasos de pl\u00e0stic Quines alternatives existeixen? Anem en la direcci\u00f3 correcta?\",\"breadcrumb\":{\"@id\":\"https:\\\/\\\/pactozero.com\\\/ca\\\/envasos-de-plastic-en-2030-transformacio-o-disrupcio\\\/#breadcrumb\"},\"inLanguage\":\"ca\",\"potentialAction\":[{\"@type\":\"ReadAction\",\"target\":[\"https:\\\/\\\/pactozero.com\\\/ca\\\/envasos-de-plastic-en-2030-transformacio-o-disrupcio\\\/\"]}]},{\"@type\":\"ImageObject\",\"inLanguage\":\"ca\",\"@id\":\"https:\\\/\\\/pactozero.com\\\/ca\\\/envasos-de-plastic-en-2030-transformacio-o-disrupcio\\\/#primaryimage\",\"url\":\"https:\\\/\\\/pactozero.com\\\/wp-content\\\/uploads\\\/2022\\\/10\\\/envases-plastico.jpg\",\"contentUrl\":\"https:\\\/\\\/pactozero.com\\\/wp-content\\\/uploads\\\/2022\\\/10\\\/envases-plastico.jpg\",\"width\":1920,\"height\":1116,\"caption\":\"envases pl\u00e1stico\"},{\"@type\":\"BreadcrumbList\",\"@id\":\"https:\\\/\\\/pactozero.com\\\/ca\\\/envasos-de-plastic-en-2030-transformacio-o-disrupcio\\\/#breadcrumb\",\"itemListElement\":[{\"@type\":\"ListItem\",\"position\":1,\"name\":\"Portada\",\"item\":\"https:\\\/\\\/pactozero.com\\\/ca\\\/\"},{\"@type\":\"ListItem\",\"position\":2,\"name\":\"Envasos de pl\u00e0stic en 2030: Transformaci\u00f3 o disrupci\u00f3?\"}]},{\"@type\":\"WebSite\",\"@id\":\"https:\\\/\\\/pactozero.com\\\/ca\\\/#website\",\"url\":\"https:\\\/\\\/pactozero.com\\\/ca\\\/\",\"name\":\"PactoZero | Sistemas de reutilizaci\u00f3n de envases para un residuo zero\",\"description\":\"PactoZero | Envases reutilizables para un residuo zero\",\"publisher\":{\"@id\":\"https:\\\/\\\/pactozero.com\\\/ca\\\/#organization\"},\"potentialAction\":[{\"@type\":\"SearchAction\",\"target\":{\"@type\":\"EntryPoint\",\"urlTemplate\":\"https:\\\/\\\/pactozero.com\\\/ca\\\/?s={search_term_string}\"},\"query-input\":{\"@type\":\"PropertyValueSpecification\",\"valueRequired\":true,\"valueName\":\"search_term_string\"}}],\"inLanguage\":\"ca\"},{\"@type\":\"Organization\",\"@id\":\"https:\\\/\\\/pactozero.com\\\/ca\\\/#organization\",\"name\":\"PactoZero | Envases reutilizables para un residuo zero\",\"url\":\"https:\\\/\\\/pactozero.com\\\/ca\\\/\",\"logo\":{\"@type\":\"ImageObject\",\"inLanguage\":\"ca\",\"@id\":\"https:\\\/\\\/pactozero.com\\\/ca\\\/#\\\/schema\\\/logo\\\/image\\\/\",\"url\":\"https:\\\/\\\/pactozero.com\\\/wp-content\\\/uploads\\\/2022\\\/09\\\/renovation-PactoZero.png\",\"contentUrl\":\"https:\\\/\\\/pactozero.com\\\/wp-content\\\/uploads\\\/2022\\\/09\\\/renovation-PactoZero.png\",\"width\":903,\"height\":221,\"caption\":\"PactoZero | Envases reutilizables para un residuo zero\"},\"image\":{\"@id\":\"https:\\\/\\\/pactozero.com\\\/ca\\\/#\\\/schema\\\/logo\\\/image\\\/\"},\"sameAs\":[\"https:\\\/\\\/www.instagram.com\\\/pactozero\"]},{\"@type\":\"Person\",\"@id\":\"https:\\\/\\\/pactozero.com\\\/ca\\\/#\\\/schema\\\/person\\\/2eb990c122c77fc84a76a7048890fafe\",\"name\":\"Xavi Franco\",\"image\":{\"@type\":\"ImageObject\",\"inLanguage\":\"ca\",\"@id\":\"https:\\\/\\\/secure.gravatar.com\\\/avatar\\\/7b96c583264b26a32e776ac0d7fc4aa7cb0816f47c453b7770001d1ed5f1c2d6?s=96&d=mm&r=g\",\"url\":\"https:\\\/\\\/secure.gravatar.com\\\/avatar\\\/7b96c583264b26a32e776ac0d7fc4aa7cb0816f47c453b7770001d1ed5f1c2d6?s=96&d=mm&r=g\",\"contentUrl\":\"https:\\\/\\\/secure.gravatar.com\\\/avatar\\\/7b96c583264b26a32e776ac0d7fc4aa7cb0816f47c453b7770001d1ed5f1c2d6?s=96&d=mm&r=g\",\"caption\":\"Xavi Franco\"},\"url\":\"https:\\\/\\\/pactozero.com\\\/ca\\\/author\\\/xfranco\\\/\"}]}<\/script>\n<!-- \/ Yoast SEO plugin. -->","yoast_head_json":{"title":"Envasos de pl\u00e0stic en 2030: Transformaci\u00f3 o disrupci\u00f3? -","description":"Analitzem el futur dels envasos de pl\u00e0stic Quines alternatives existeixen? Anem en la direcci\u00f3 correcta?","robots":{"index":"index","follow":"follow","max-snippet":"max-snippet:-1","max-image-preview":"max-image-preview:large","max-video-preview":"max-video-preview:-1"},"canonical":"https:\/\/pactozero.com\/ca\/envasos-de-plastic-en-2030-transformacio-o-disrupcio\/","og_locale":"ca_ES","og_type":"article","og_title":"Envasos de pl\u00e0stic en 2030: Transformaci\u00f3 o disrupci\u00f3? -","og_description":"Analitzem el futur dels envasos de pl\u00e0stic Quines alternatives existeixen? Anem en la direcci\u00f3 correcta?","og_url":"https:\/\/pactozero.com\/ca\/envasos-de-plastic-en-2030-transformacio-o-disrupcio\/","og_site_name":"PactoZero | Envases reutilizables para un residuo zero","article_published_time":"2022-10-21T11:14:32+00:00","article_modified_time":"2025-06-19T16:01:47+00:00","og_image":[{"width":1920,"height":1116,"url":"https:\/\/pactozero.com\/wp-content\/uploads\/2022\/10\/envases-plastico.jpg","type":"image\/jpeg"}],"author":"Xavi Franco","twitter_card":"summary_large_image","twitter_misc":{"Escrit per":"Xavi Franco","Temps estimat de lectura":"7 minuts"},"schema":{"@context":"https:\/\/schema.org","@graph":[{"@type":"Article","@id":"https:\/\/pactozero.com\/ca\/envasos-de-plastic-en-2030-transformacio-o-disrupcio\/#article","isPartOf":{"@id":"https:\/\/pactozero.com\/ca\/envasos-de-plastic-en-2030-transformacio-o-disrupcio\/"},"author":{"name":"Xavi Franco","@id":"https:\/\/pactozero.com\/ca\/#\/schema\/person\/2eb990c122c77fc84a76a7048890fafe"},"headline":"Envasos de pl\u00e0stic en 2030: Transformaci\u00f3 o disrupci\u00f3?","datePublished":"2022-10-21T11:14:32+00:00","dateModified":"2025-06-19T16:01:47+00:00","mainEntityOfPage":{"@id":"https:\/\/pactozero.com\/ca\/envasos-de-plastic-en-2030-transformacio-o-disrupcio\/"},"wordCount":1348,"publisher":{"@id":"https:\/\/pactozero.com\/ca\/#organization"},"image":{"@id":"https:\/\/pactozero.com\/ca\/envasos-de-plastic-en-2030-transformacio-o-disrupcio\/#primaryimage"},"thumbnailUrl":"https:\/\/pactozero.com\/wp-content\/uploads\/2022\/10\/envases-plastico.jpg","articleSection":["Normativa","Societat"],"inLanguage":"ca"},{"@type":"WebPage","@id":"https:\/\/pactozero.com\/ca\/envasos-de-plastic-en-2030-transformacio-o-disrupcio\/","url":"https:\/\/pactozero.com\/ca\/envasos-de-plastic-en-2030-transformacio-o-disrupcio\/","name":"Envasos de pl\u00e0stic en 2030: Transformaci\u00f3 o disrupci\u00f3? -","isPartOf":{"@id":"https:\/\/pactozero.com\/ca\/#website"},"primaryImageOfPage":{"@id":"https:\/\/pactozero.com\/ca\/envasos-de-plastic-en-2030-transformacio-o-disrupcio\/#primaryimage"},"image":{"@id":"https:\/\/pactozero.com\/ca\/envasos-de-plastic-en-2030-transformacio-o-disrupcio\/#primaryimage"},"thumbnailUrl":"https:\/\/pactozero.com\/wp-content\/uploads\/2022\/10\/envases-plastico.jpg","datePublished":"2022-10-21T11:14:32+00:00","dateModified":"2025-06-19T16:01:47+00:00","description":"Analitzem el futur dels envasos de pl\u00e0stic Quines alternatives existeixen? Anem en la direcci\u00f3 correcta?","breadcrumb":{"@id":"https:\/\/pactozero.com\/ca\/envasos-de-plastic-en-2030-transformacio-o-disrupcio\/#breadcrumb"},"inLanguage":"ca","potentialAction":[{"@type":"ReadAction","target":["https:\/\/pactozero.com\/ca\/envasos-de-plastic-en-2030-transformacio-o-disrupcio\/"]}]},{"@type":"ImageObject","inLanguage":"ca","@id":"https:\/\/pactozero.com\/ca\/envasos-de-plastic-en-2030-transformacio-o-disrupcio\/#primaryimage","url":"https:\/\/pactozero.com\/wp-content\/uploads\/2022\/10\/envases-plastico.jpg","contentUrl":"https:\/\/pactozero.com\/wp-content\/uploads\/2022\/10\/envases-plastico.jpg","width":1920,"height":1116,"caption":"envases pl\u00e1stico"},{"@type":"BreadcrumbList","@id":"https:\/\/pactozero.com\/ca\/envasos-de-plastic-en-2030-transformacio-o-disrupcio\/#breadcrumb","itemListElement":[{"@type":"ListItem","position":1,"name":"Portada","item":"https:\/\/pactozero.com\/ca\/"},{"@type":"ListItem","position":2,"name":"Envasos de pl\u00e0stic en 2030: Transformaci\u00f3 o disrupci\u00f3?"}]},{"@type":"WebSite","@id":"https:\/\/pactozero.com\/ca\/#website","url":"https:\/\/pactozero.com\/ca\/","name":"PactoZero | Sistemas de reutilizaci\u00f3n de envases para un residuo zero","description":"PactoZero | Envases reutilizables para un residuo zero","publisher":{"@id":"https:\/\/pactozero.com\/ca\/#organization"},"potentialAction":[{"@type":"SearchAction","target":{"@type":"EntryPoint","urlTemplate":"https:\/\/pactozero.com\/ca\/?s={search_term_string}"},"query-input":{"@type":"PropertyValueSpecification","valueRequired":true,"valueName":"search_term_string"}}],"inLanguage":"ca"},{"@type":"Organization","@id":"https:\/\/pactozero.com\/ca\/#organization","name":"PactoZero | Envases reutilizables para un residuo zero","url":"https:\/\/pactozero.com\/ca\/","logo":{"@type":"ImageObject","inLanguage":"ca","@id":"https:\/\/pactozero.com\/ca\/#\/schema\/logo\/image\/","url":"https:\/\/pactozero.com\/wp-content\/uploads\/2022\/09\/renovation-PactoZero.png","contentUrl":"https:\/\/pactozero.com\/wp-content\/uploads\/2022\/09\/renovation-PactoZero.png","width":903,"height":221,"caption":"PactoZero | Envases reutilizables para un residuo zero"},"image":{"@id":"https:\/\/pactozero.com\/ca\/#\/schema\/logo\/image\/"},"sameAs":["https:\/\/www.instagram.com\/pactozero"]},{"@type":"Person","@id":"https:\/\/pactozero.com\/ca\/#\/schema\/person\/2eb990c122c77fc84a76a7048890fafe","name":"Xavi Franco","image":{"@type":"ImageObject","inLanguage":"ca","@id":"https:\/\/secure.gravatar.com\/avatar\/7b96c583264b26a32e776ac0d7fc4aa7cb0816f47c453b7770001d1ed5f1c2d6?s=96&d=mm&r=g","url":"https:\/\/secure.gravatar.com\/avatar\/7b96c583264b26a32e776ac0d7fc4aa7cb0816f47c453b7770001d1ed5f1c2d6?s=96&d=mm&r=g","contentUrl":"https:\/\/secure.gravatar.com\/avatar\/7b96c583264b26a32e776ac0d7fc4aa7cb0816f47c453b7770001d1ed5f1c2d6?s=96&d=mm&r=g","caption":"Xavi Franco"},"url":"https:\/\/pactozero.com\/ca\/author\/xfranco\/"}]}},"_links":{"self":[{"href":"https:\/\/pactozero.com\/ca\/wp-json\/wp\/v2\/posts\/2401","targetHints":{"allow":["GET"]}}],"collection":[{"href":"https:\/\/pactozero.com\/ca\/wp-json\/wp\/v2\/posts"}],"about":[{"href":"https:\/\/pactozero.com\/ca\/wp-json\/wp\/v2\/types\/post"}],"author":[{"embeddable":true,"href":"https:\/\/pactozero.com\/ca\/wp-json\/wp\/v2\/users\/3"}],"replies":[{"embeddable":true,"href":"https:\/\/pactozero.com\/ca\/wp-json\/wp\/v2\/comments?post=2401"}],"version-history":[{"count":10,"href":"https:\/\/pactozero.com\/ca\/wp-json\/wp\/v2\/posts\/2401\/revisions"}],"predecessor-version":[{"id":3141,"href":"https:\/\/pactozero.com\/ca\/wp-json\/wp\/v2\/posts\/2401\/revisions\/3141"}],"wp:featuredmedia":[{"embeddable":true,"href":"https:\/\/pactozero.com\/ca\/wp-json\/wp\/v2\/media\/2318"}],"wp:attachment":[{"href":"https:\/\/pactozero.com\/ca\/wp-json\/wp\/v2\/media?parent=2401"}],"wp:term":[{"taxonomy":"category","embeddable":true,"href":"https:\/\/pactozero.com\/ca\/wp-json\/wp\/v2\/categories?post=2401"},{"taxonomy":"post_tag","embeddable":true,"href":"https:\/\/pactozero.com\/ca\/wp-json\/wp\/v2\/tags?post=2401"}],"curies":[{"name":"wp","href":"https:\/\/api.w.org\/{rel}","templated":true}]}}