{"id":2721,"date":"2024-09-17T12:39:00","date_gmt":"2024-09-17T10:39:00","guid":{"rendered":"https:\/\/pactozero.com\/?p=2721"},"modified":"2025-06-19T17:56:29","modified_gmt":"2025-06-19T15:56:29","slug":"la-lluita-contra-la-contaminacio-per-plastics-un-tema-que-uneix-als-canadencs","status":"publish","type":"post","link":"https:\/\/pactozero.com\/ca\/la-lluita-contra-la-contaminacio-per-plastics-un-tema-que-uneix-als-canadencs\/","title":{"rendered":"La Lluita Contra la Contaminaci\u00f3 per Pl\u00e0stics: Un tema que Uneix als Canadencs"},"content":{"rendered":"<p>[et_pb_section fb_built=&#8221;1&#8243; admin_label=&#8221;Market Information Section&#8221; _builder_version=&#8221;4.16&#8243; custom_padding=&#8221;10px||0px|||&#8221; global_colors_info=&#8221;{}&#8221; theme_builder_area=&#8221;post_content&#8221;][et_pb_row _builder_version=&#8221;4.25.1&#8243; _module_preset=&#8221;default&#8221; global_colors_info=&#8221;{}&#8221; theme_builder_area=&#8221;post_content&#8221;][et_pb_column type=&#8221;4_4&#8243; _builder_version=&#8221;4.25.1&#8243; _module_preset=&#8221;default&#8221; global_colors_info=&#8221;{}&#8221; theme_builder_area=&#8221;post_content&#8221;][et_pb_text _builder_version=&#8221;4.25.1&#8243; _module_preset=&#8221;default&#8221; text_font_size=&#8221;18px&#8221; global_colors_info=&#8221;{}&#8221; theme_builder_area=&#8221;post_content&#8221;]<\/p>\n<p style=\"text-align: justify;\"><em><strong><b>La Lluita Contra la Contaminaci\u00f3 per Pl\u00e0stics: Un tema que Uneix als Canadencs<\/b><\/strong><\/em><\/p>\n<p><span><\/span><\/p>\n<p><span style=\"font-weight: 400;\">En un pa\u00eds tan divers com Canad\u00e0, trobar un tema que unifiqui la majoria de la poblaci\u00f3, sense importar-ne l \u201cafiliaci\u00f3 pol\u00edtica, g\u00e8nere, o edat, \u00e9s una raresa. Tot i aix\u00f2, la lluita contra la contaminaci\u00f3 per pl\u00e0stics ha demostrat ser un tema no partidista que reuneix els canadencs de costa a costa. Segons una enquesta recent encarregada per Oceana Canad\u00e0 i realitzada per Abacus Data, el 82% dels canadencs recolza la prohibici\u00f3 de pl\u00e0stics d\u201d un sol \u00fas, que ja fa 18 mesos que est\u00e0 en vigor. Aquest suport massiu travessa tots els grups demogr\u00e0fics, cosa que subratlla una preocupaci\u00f3 nacional compartida per la salut p\u00fablica i el medi ambient.   <\/span><\/p>\n<h3><span style=\"font-weight: 400;\">Una Preocupaci\u00f3 Nacional: La Salut i els Pl\u00e0stics<\/span><\/h3>\n<p><span style=\"font-weight: 400;\">L&#8217;estudi tamb\u00e9 destaca una preocupaci\u00f3 creixent pels impactes en la salut dels micropl\u00e0stics i els productes qu\u00edmics presents en els pl\u00e0stics. Amb proves cada cop m\u00e9s contundents que vinculen aquests materials amb una s\u00e8rie de problemes de salut, incloent c\u00e0ncer, infertilitat, problemes respiratoris, i malalties card\u00edaques, no \u00e9s sorprenent que el 82% dels canadencs estigui preocupat per aquestes amenaces. <\/span><\/p>\n<p><span style=\"font-weight: 400;\">Anthony Merante, el principal defensor de la campanya contra els pl\u00e0stics en Oceana el Canad\u00e0, assenyala que els canadencs han adaptat les seves vides a la prohibici\u00f3 i esperen que el govern prengui mesures serioses i pr\u00e0ctiques per a reduir el desaprofitament i garantir que els productes i sistemes siguin veritablement circulars, assegurances i de qualitat.<\/span><\/p>\n<h3><span style=\"font-weight: 400;\">Una trucada a l&#8217;Acci\u00f3 <\/span><\/h3>\n<p><span style=\"font-weight: 400;\">Oceana Canad\u00e0 insta els canadencs a prioritzar la lluita contra la contaminaci\u00f3 per pl\u00e0stics. Segons Merante, &#8220;Les empreses continuen venent escombraries als canadencs en forma d&#8217;envasos de pl\u00e0stic que, en \u00faltima inst\u00e0ncia, acaben al medi ambient i als nostres cossos. La soluci\u00f3 \u00e9s clara: Canad\u00e0 ha d&#8217;abordar el problema abans que arribi a les prestatgeries, en lloc de desaprofitar recursos en la neteja d&#8217;enormes quantitats de deixalles.&#8221; <\/span><\/p>\n<p><span style=\"font-weight: 400;\">El problema \u00e9s monumental: Canad\u00e0 produeix m\u00e9s de quatre milions de tones de deixalles pl\u00e0stiques anualment, i nom\u00e9s el 8% es reciclen. La meitat d&#8217;aquestes deixalles provenen d&#8217;envasos pl\u00e0stics d&#8217;un sol \u00fas, amb els principals contribuents, les grans cadenes de supermercats, el menjar r\u00e0pid, el comer\u00e7 electr\u00f2nic i els embotelladors de begudes. <\/span><\/p>\n<h3><span style=\"font-weight: 400;\">Un Suport Nacional Fort<\/span><\/h3>\n<p><span style=\"font-weight: 400;\">L \u201cenquesta va revelar que el suport a la prohibici\u00f3 dels pl\u00e0stics d\u201d un sol \u00fas \u00e9s alt a totes les regions del pa\u00eds, des del 72% a Alberta fins al 92% al Quebec. A m\u00e9s, les dades mostren que el 84% de les dones i el 80% dels homes donen suport a la prohibici\u00f3, amb nivells de preocupaci\u00f3 similars pels impactes en la salut entre tots dos g\u00e8neres. Aquest suport \u00e9s notablement fort fins i tot entre els votants conservadors, un grup que tradicionalment pot mostrar resist\u00e8ncia a regulacions ambientals estrictes, amb un 71% recolzant la mesura.  <\/span><\/p>\n<p><span style=\"font-weight: 400;\">El consens clar i aclaparador al Canad\u00e0 \u00e9s que cal continuar i expandir la lluita contra la contaminaci\u00f3 per pl\u00e0stics. Els canadencs han demostrat estar disposats a canviar els seus h\u00e0bits i esperen que els seus l\u00edders facin el mateix, adoptant pol\u00edtiques que posin fi a la venda d&#8217;envasos pl\u00e0stics que no es recol\u00b7lecten ni es reciclen al pa\u00eds. <\/span><\/p>\n<p><span style=\"font-weight: 400;\">Mentre el pa\u00eds es prepara per a les properes eleccions, la q\u00fcesti\u00f3 de la contaminaci\u00f3 per pl\u00e0stics sembla estar fermament a l&#8217;agenda p\u00fablica. Amb el suport d&#8217;una gran majoria de la poblaci\u00f3, la lluita contra els pl\u00e0stics podria ser un dels pocs temes capa\u00e7os d&#8217;unir els canadencs, independentment de les difer\u00e8ncies. <\/span><\/p>\n<p><b>Oceana el Canad\u00e0 <\/b><span style=\"font-weight: 400;\">continuar\u00e0 advocant per un enfocament m\u00e9s estricte i proactiu en la reducci\u00f3 de l&#8217;\u00fas de pl\u00e0stics, i les seves campanyes continuaran sent una veu crucial en el moviment per a protegir els oceans i la salut p\u00fablica al Canad\u00e0.<\/span><\/p>\n<p>[\/et_pb_text][\/et_pb_column][\/et_pb_row][et_pb_row _builder_version=&#8221;4.23.1&#8243; _module_preset=&#8221;default&#8221; global_colors_info=&#8221;{}&#8221; theme_builder_area=&#8221;post_content&#8221;][et_pb_column type=&#8221;4_4&#8243; _builder_version=&#8221;4.23.1&#8243; _module_preset=&#8221;default&#8221; global_colors_info=&#8221;{}&#8221; theme_builder_area=&#8221;post_content&#8221;][et_pb_image src=&#8221;https:\/\/pactozero.com\/wp-content\/uploads\/2024\/08\/Flag_of_Canada_Pantone.svg.png&#8221; title_text=&#8221;Flag_of_Canada_(Pantone).svg&#8221; _builder_version=&#8221;4.25.1&#8243; _module_preset=&#8221;default&#8221; width=&#8221;34%&#8221; module_alignment=&#8221;center&#8221; global_colors_info=&#8221;{}&#8221; theme_builder_area=&#8221;post_content&#8221;][\/et_pb_image][\/et_pb_column][\/et_pb_row][et_pb_row admin_label=&#8221;Quote Text Area&#8221; _builder_version=&#8221;4.18.0&#8243; custom_padding=&#8221;0px|0px|0px|0px||&#8221; filter_hue_rotate=&#8221;36deg&#8221; filter_saturate=&#8221;43%&#8221; filter_brightness=&#8221;200%&#8221; global_colors_info=&#8221;{}&#8221; theme_builder_area=&#8221;post_content&#8221;][et_pb_column type=&#8221;4_4&#8243; _builder_version=&#8221;4.18.0&#8243; custom_padding=&#8221;|||&#8221; global_colors_info=&#8221;{}&#8221; custom_padding__hover=&#8221;|||&#8221; theme_builder_area=&#8221;post_content&#8221;][\/et_pb_column][\/et_pb_row][\/et_pb_section][et_pb_section fb_built=&#8221;1&#8243; _builder_version=&#8221;4.25.1&#8243; _module_preset=&#8221;default&#8221; global_colors_info=&#8221;{}&#8221; theme_builder_area=&#8221;post_content&#8221;][et_pb_row _builder_version=&#8221;4.25.1&#8243; _module_preset=&#8221;default&#8221; global_colors_info=&#8221;{}&#8221; theme_builder_area=&#8221;post_content&#8221;][et_pb_column type=&#8221;4_4&#8243; _builder_version=&#8221;4.25.1&#8243; _module_preset=&#8221;default&#8221; global_colors_info=&#8221;{}&#8221; theme_builder_area=&#8221;post_content&#8221;][et_pb_text _builder_version=&#8221;4.25.1&#8243; _module_preset=&#8221;default&#8221; text_font_size=&#8221;17px&#8221; global_colors_info=&#8221;{}&#8221; theme_builder_area=&#8221;post_content&#8221;]<\/p>\n<p><span style=\"font-weight: 400;\">Para m\u00e1s informaci\u00f3n sobre la campa\u00f1a de Oceana Canad\u00e1 contra la contaminaci\u00f3n por pl\u00e1sticos, visita<\/span><a href=\"https:\/\/www.oceana.ca\/Plastics\"> <span style=\"font-weight: 400;\">Oceana.ca\/Plastics<\/span><\/a><span style=\"font-weight: 400;\">.<\/span><\/p>\n<p>[\/et_pb_text][\/et_pb_column][\/et_pb_row][et_pb_row _builder_version=&#8221;4.25.1&#8243; _module_preset=&#8221;default&#8221; global_colors_info=&#8221;{}&#8221; theme_builder_area=&#8221;post_content&#8221;][et_pb_column type=&#8221;4_4&#8243; _builder_version=&#8221;4.25.1&#8243; _module_preset=&#8221;default&#8221; global_colors_info=&#8221;{}&#8221; theme_builder_area=&#8221;post_content&#8221;][et_pb_image src=&#8221;https:\/\/pactozero.com\/wp-content\/uploads\/2024\/08\/1200px-Oceana_logo.jpg&#8221; title_text=&#8221;1200px-Oceana_logo&#8221; _builder_version=&#8221;4.25.1&#8243; _module_preset=&#8221;default&#8221; width=&#8221;11%&#8221; module_alignment=&#8221;center&#8221; global_colors_info=&#8221;{}&#8221; theme_builder_area=&#8221;post_content&#8221;][\/et_pb_image][\/et_pb_column][\/et_pb_row][\/et_pb_section][et_pb_section fb_built=&#8221;1&#8243; _builder_version=&#8221;4.25.1&#8243; _module_preset=&#8221;default&#8221; global_colors_info=&#8221;{}&#8221; theme_builder_area=&#8221;post_content&#8221;][\/et_pb_section]<\/p>\n","protected":false},"excerpt":{"rendered":"<p>La Lluita Contra la Contaminaci\u00f3 per Pl\u00e0stics: Un tema que Uneix als Canadencs En un pa\u00eds tan divers com Canad\u00e0, trobar un tema que unifiqui la majoria de la poblaci\u00f3, sense importar-ne l \u201cafiliaci\u00f3 pol\u00edtica, g\u00e8nere, o edat, \u00e9s una raresa. Tot i aix\u00f2, la lluita contra la contaminaci\u00f3 per pl\u00e0stics ha demostrat ser un [&hellip;]<\/p>\n","protected":false},"author":3,"featured_media":2690,"comment_status":"closed","ping_status":"open","sticky":false,"template":"","format":"standard","meta":{"_et_pb_use_builder":"on","_et_pb_old_content":"","_et_gb_content_width":"","footnotes":""},"categories":[1],"tags":[],"class_list":["post-2721","post","type-post","status-publish","format-standard","has-post-thumbnail","hentry","category-societat"],"yoast_head":"<!-- This site is optimized with the Yoast SEO plugin v27.5 - https:\/\/yoast.com\/product\/yoast-seo-wordpress\/ -->\n<title>La lluita contra la contaminaci\u00f3 uneix als Canadencs<\/title>\n<meta name=\"description\" content=\"el Canad\u00e0 produeix m\u00e9s de quatre milions de tones de deixalles pl\u00e0stiques anualment, i nom\u00e9s el 8% d&#039;aquests es reciclen.\" \/>\n<meta name=\"robots\" content=\"index, follow, max-snippet:-1, max-image-preview:large, max-video-preview:-1\" \/>\n<link rel=\"canonical\" href=\"https:\/\/pactozero.com\/ca\/la-lluita-contra-la-contaminacio-per-plastics-un-tema-que-uneix-als-canadencs\/\" \/>\n<meta property=\"og:locale\" content=\"ca_ES\" \/>\n<meta property=\"og:type\" content=\"article\" \/>\n<meta property=\"og:title\" content=\"La lluita contra la contaminaci\u00f3 uneix als Canadencs\" \/>\n<meta property=\"og:description\" content=\"el Canad\u00e0 produeix m\u00e9s de quatre milions de tones de deixalles pl\u00e0stiques anualment, i nom\u00e9s el 8% d&#039;aquests es reciclen.\" \/>\n<meta property=\"og:url\" content=\"https:\/\/pactozero.com\/ca\/la-lluita-contra-la-contaminacio-per-plastics-un-tema-que-uneix-als-canadencs\/\" \/>\n<meta property=\"og:site_name\" content=\"PactoZero | Envases reutilizables para un residuo zero\" \/>\n<meta property=\"article:published_time\" content=\"2024-09-17T10:39:00+00:00\" \/>\n<meta property=\"article:modified_time\" content=\"2025-06-19T15:56:29+00:00\" \/>\n<meta property=\"og:image\" content=\"https:\/\/pactozero.com\/wp-content\/uploads\/2024\/08\/Flag_of_Canada_Pantone.svg.png\" \/>\n\t<meta property=\"og:image:width\" content=\"800\" \/>\n\t<meta property=\"og:image:height\" content=\"400\" \/>\n\t<meta property=\"og:image:type\" content=\"image\/png\" \/>\n<meta name=\"author\" content=\"Xavi Franco\" \/>\n<meta name=\"twitter:card\" content=\"summary_large_image\" \/>\n<meta name=\"twitter:label1\" content=\"Escrit per\" \/>\n\t<meta name=\"twitter:data1\" content=\"Xavi Franco\" \/>\n\t<meta name=\"twitter:label2\" content=\"Temps estimat de lectura\" \/>\n\t<meta name=\"twitter:data2\" content=\"5 minuts\" \/>\n<script type=\"application\/ld+json\" class=\"yoast-schema-graph\">{\"@context\":\"https:\\\/\\\/schema.org\",\"@graph\":[{\"@type\":\"Article\",\"@id\":\"https:\\\/\\\/pactozero.com\\\/ca\\\/la-lluita-contra-la-contaminacio-per-plastics-un-tema-que-uneix-als-canadencs\\\/#article\",\"isPartOf\":{\"@id\":\"https:\\\/\\\/pactozero.com\\\/ca\\\/la-lluita-contra-la-contaminacio-per-plastics-un-tema-que-uneix-als-canadencs\\\/\"},\"author\":{\"name\":\"Xavi Franco\",\"@id\":\"https:\\\/\\\/pactozero.com\\\/ca\\\/#\\\/schema\\\/person\\\/2eb990c122c77fc84a76a7048890fafe\"},\"headline\":\"La Lluita Contra la Contaminaci\u00f3 per Pl\u00e0stics: Un tema que Uneix als Canadencs\",\"datePublished\":\"2024-09-17T10:39:00+00:00\",\"dateModified\":\"2025-06-19T15:56:29+00:00\",\"mainEntityOfPage\":{\"@id\":\"https:\\\/\\\/pactozero.com\\\/ca\\\/la-lluita-contra-la-contaminacio-per-plastics-un-tema-que-uneix-als-canadencs\\\/\"},\"wordCount\":1108,\"publisher\":{\"@id\":\"https:\\\/\\\/pactozero.com\\\/ca\\\/#organization\"},\"image\":{\"@id\":\"https:\\\/\\\/pactozero.com\\\/ca\\\/la-lluita-contra-la-contaminacio-per-plastics-un-tema-que-uneix-als-canadencs\\\/#primaryimage\"},\"thumbnailUrl\":\"https:\\\/\\\/pactozero.com\\\/wp-content\\\/uploads\\\/2024\\\/08\\\/Flag_of_Canada_Pantone.svg.png\",\"articleSection\":[\"Societat\"],\"inLanguage\":\"ca\"},{\"@type\":\"WebPage\",\"@id\":\"https:\\\/\\\/pactozero.com\\\/ca\\\/la-lluita-contra-la-contaminacio-per-plastics-un-tema-que-uneix-als-canadencs\\\/\",\"url\":\"https:\\\/\\\/pactozero.com\\\/ca\\\/la-lluita-contra-la-contaminacio-per-plastics-un-tema-que-uneix-als-canadencs\\\/\",\"name\":\"La lluita contra la contaminaci\u00f3 uneix als Canadencs\",\"isPartOf\":{\"@id\":\"https:\\\/\\\/pactozero.com\\\/ca\\\/#website\"},\"primaryImageOfPage\":{\"@id\":\"https:\\\/\\\/pactozero.com\\\/ca\\\/la-lluita-contra-la-contaminacio-per-plastics-un-tema-que-uneix-als-canadencs\\\/#primaryimage\"},\"image\":{\"@id\":\"https:\\\/\\\/pactozero.com\\\/ca\\\/la-lluita-contra-la-contaminacio-per-plastics-un-tema-que-uneix-als-canadencs\\\/#primaryimage\"},\"thumbnailUrl\":\"https:\\\/\\\/pactozero.com\\\/wp-content\\\/uploads\\\/2024\\\/08\\\/Flag_of_Canada_Pantone.svg.png\",\"datePublished\":\"2024-09-17T10:39:00+00:00\",\"dateModified\":\"2025-06-19T15:56:29+00:00\",\"description\":\"el Canad\u00e0 produeix m\u00e9s de quatre milions de tones de deixalles pl\u00e0stiques anualment, i nom\u00e9s el 8% d'aquests es reciclen.\",\"breadcrumb\":{\"@id\":\"https:\\\/\\\/pactozero.com\\\/ca\\\/la-lluita-contra-la-contaminacio-per-plastics-un-tema-que-uneix-als-canadencs\\\/#breadcrumb\"},\"inLanguage\":\"ca\",\"potentialAction\":[{\"@type\":\"ReadAction\",\"target\":[\"https:\\\/\\\/pactozero.com\\\/ca\\\/la-lluita-contra-la-contaminacio-per-plastics-un-tema-que-uneix-als-canadencs\\\/\"]}]},{\"@type\":\"ImageObject\",\"inLanguage\":\"ca\",\"@id\":\"https:\\\/\\\/pactozero.com\\\/ca\\\/la-lluita-contra-la-contaminacio-per-plastics-un-tema-que-uneix-als-canadencs\\\/#primaryimage\",\"url\":\"https:\\\/\\\/pactozero.com\\\/wp-content\\\/uploads\\\/2024\\\/08\\\/Flag_of_Canada_Pantone.svg.png\",\"contentUrl\":\"https:\\\/\\\/pactozero.com\\\/wp-content\\\/uploads\\\/2024\\\/08\\\/Flag_of_Canada_Pantone.svg.png\",\"width\":800,\"height\":400},{\"@type\":\"BreadcrumbList\",\"@id\":\"https:\\\/\\\/pactozero.com\\\/ca\\\/la-lluita-contra-la-contaminacio-per-plastics-un-tema-que-uneix-als-canadencs\\\/#breadcrumb\",\"itemListElement\":[{\"@type\":\"ListItem\",\"position\":1,\"name\":\"Portada\",\"item\":\"https:\\\/\\\/pactozero.com\\\/ca\\\/\"},{\"@type\":\"ListItem\",\"position\":2,\"name\":\"La Lluita Contra la Contaminaci\u00f3 per Pl\u00e0stics: Un tema que Uneix als Canadencs\"}]},{\"@type\":\"WebSite\",\"@id\":\"https:\\\/\\\/pactozero.com\\\/ca\\\/#website\",\"url\":\"https:\\\/\\\/pactozero.com\\\/ca\\\/\",\"name\":\"PactoZero | Sistemas de reutilizaci\u00f3n de envases para un residuo zero\",\"description\":\"PactoZero | Envases reutilizables para un residuo zero\",\"publisher\":{\"@id\":\"https:\\\/\\\/pactozero.com\\\/ca\\\/#organization\"},\"potentialAction\":[{\"@type\":\"SearchAction\",\"target\":{\"@type\":\"EntryPoint\",\"urlTemplate\":\"https:\\\/\\\/pactozero.com\\\/ca\\\/?s={search_term_string}\"},\"query-input\":{\"@type\":\"PropertyValueSpecification\",\"valueRequired\":true,\"valueName\":\"search_term_string\"}}],\"inLanguage\":\"ca\"},{\"@type\":\"Organization\",\"@id\":\"https:\\\/\\\/pactozero.com\\\/ca\\\/#organization\",\"name\":\"PactoZero | Envases reutilizables para un residuo zero\",\"url\":\"https:\\\/\\\/pactozero.com\\\/ca\\\/\",\"logo\":{\"@type\":\"ImageObject\",\"inLanguage\":\"ca\",\"@id\":\"https:\\\/\\\/pactozero.com\\\/ca\\\/#\\\/schema\\\/logo\\\/image\\\/\",\"url\":\"https:\\\/\\\/pactozero.com\\\/wp-content\\\/uploads\\\/2022\\\/09\\\/renovation-PactoZero.png\",\"contentUrl\":\"https:\\\/\\\/pactozero.com\\\/wp-content\\\/uploads\\\/2022\\\/09\\\/renovation-PactoZero.png\",\"width\":903,\"height\":221,\"caption\":\"PactoZero | Envases reutilizables para un residuo zero\"},\"image\":{\"@id\":\"https:\\\/\\\/pactozero.com\\\/ca\\\/#\\\/schema\\\/logo\\\/image\\\/\"},\"sameAs\":[\"https:\\\/\\\/www.instagram.com\\\/pactozero\"]},{\"@type\":\"Person\",\"@id\":\"https:\\\/\\\/pactozero.com\\\/ca\\\/#\\\/schema\\\/person\\\/2eb990c122c77fc84a76a7048890fafe\",\"name\":\"Xavi Franco\",\"image\":{\"@type\":\"ImageObject\",\"inLanguage\":\"ca\",\"@id\":\"https:\\\/\\\/secure.gravatar.com\\\/avatar\\\/7b96c583264b26a32e776ac0d7fc4aa7cb0816f47c453b7770001d1ed5f1c2d6?s=96&d=mm&r=g\",\"url\":\"https:\\\/\\\/secure.gravatar.com\\\/avatar\\\/7b96c583264b26a32e776ac0d7fc4aa7cb0816f47c453b7770001d1ed5f1c2d6?s=96&d=mm&r=g\",\"contentUrl\":\"https:\\\/\\\/secure.gravatar.com\\\/avatar\\\/7b96c583264b26a32e776ac0d7fc4aa7cb0816f47c453b7770001d1ed5f1c2d6?s=96&d=mm&r=g\",\"caption\":\"Xavi Franco\"},\"url\":\"https:\\\/\\\/pactozero.com\\\/ca\\\/author\\\/xfranco\\\/\"}]}<\/script>\n<!-- \/ Yoast SEO plugin. -->","yoast_head_json":{"title":"La lluita contra la contaminaci\u00f3 uneix als Canadencs","description":"el Canad\u00e0 produeix m\u00e9s de quatre milions de tones de deixalles pl\u00e0stiques anualment, i nom\u00e9s el 8% d'aquests es reciclen.","robots":{"index":"index","follow":"follow","max-snippet":"max-snippet:-1","max-image-preview":"max-image-preview:large","max-video-preview":"max-video-preview:-1"},"canonical":"https:\/\/pactozero.com\/ca\/la-lluita-contra-la-contaminacio-per-plastics-un-tema-que-uneix-als-canadencs\/","og_locale":"ca_ES","og_type":"article","og_title":"La lluita contra la contaminaci\u00f3 uneix als Canadencs","og_description":"el Canad\u00e0 produeix m\u00e9s de quatre milions de tones de deixalles pl\u00e0stiques anualment, i nom\u00e9s el 8% d'aquests es reciclen.","og_url":"https:\/\/pactozero.com\/ca\/la-lluita-contra-la-contaminacio-per-plastics-un-tema-que-uneix-als-canadencs\/","og_site_name":"PactoZero | Envases reutilizables para un residuo zero","article_published_time":"2024-09-17T10:39:00+00:00","article_modified_time":"2025-06-19T15:56:29+00:00","og_image":[{"width":800,"height":400,"url":"https:\/\/pactozero.com\/wp-content\/uploads\/2024\/08\/Flag_of_Canada_Pantone.svg.png","type":"image\/png"}],"author":"Xavi Franco","twitter_card":"summary_large_image","twitter_misc":{"Escrit per":"Xavi Franco","Temps estimat de lectura":"5 minuts"},"schema":{"@context":"https:\/\/schema.org","@graph":[{"@type":"Article","@id":"https:\/\/pactozero.com\/ca\/la-lluita-contra-la-contaminacio-per-plastics-un-tema-que-uneix-als-canadencs\/#article","isPartOf":{"@id":"https:\/\/pactozero.com\/ca\/la-lluita-contra-la-contaminacio-per-plastics-un-tema-que-uneix-als-canadencs\/"},"author":{"name":"Xavi Franco","@id":"https:\/\/pactozero.com\/ca\/#\/schema\/person\/2eb990c122c77fc84a76a7048890fafe"},"headline":"La Lluita Contra la Contaminaci\u00f3 per Pl\u00e0stics: Un tema que Uneix als Canadencs","datePublished":"2024-09-17T10:39:00+00:00","dateModified":"2025-06-19T15:56:29+00:00","mainEntityOfPage":{"@id":"https:\/\/pactozero.com\/ca\/la-lluita-contra-la-contaminacio-per-plastics-un-tema-que-uneix-als-canadencs\/"},"wordCount":1108,"publisher":{"@id":"https:\/\/pactozero.com\/ca\/#organization"},"image":{"@id":"https:\/\/pactozero.com\/ca\/la-lluita-contra-la-contaminacio-per-plastics-un-tema-que-uneix-als-canadencs\/#primaryimage"},"thumbnailUrl":"https:\/\/pactozero.com\/wp-content\/uploads\/2024\/08\/Flag_of_Canada_Pantone.svg.png","articleSection":["Societat"],"inLanguage":"ca"},{"@type":"WebPage","@id":"https:\/\/pactozero.com\/ca\/la-lluita-contra-la-contaminacio-per-plastics-un-tema-que-uneix-als-canadencs\/","url":"https:\/\/pactozero.com\/ca\/la-lluita-contra-la-contaminacio-per-plastics-un-tema-que-uneix-als-canadencs\/","name":"La lluita contra la contaminaci\u00f3 uneix als Canadencs","isPartOf":{"@id":"https:\/\/pactozero.com\/ca\/#website"},"primaryImageOfPage":{"@id":"https:\/\/pactozero.com\/ca\/la-lluita-contra-la-contaminacio-per-plastics-un-tema-que-uneix-als-canadencs\/#primaryimage"},"image":{"@id":"https:\/\/pactozero.com\/ca\/la-lluita-contra-la-contaminacio-per-plastics-un-tema-que-uneix-als-canadencs\/#primaryimage"},"thumbnailUrl":"https:\/\/pactozero.com\/wp-content\/uploads\/2024\/08\/Flag_of_Canada_Pantone.svg.png","datePublished":"2024-09-17T10:39:00+00:00","dateModified":"2025-06-19T15:56:29+00:00","description":"el Canad\u00e0 produeix m\u00e9s de quatre milions de tones de deixalles pl\u00e0stiques anualment, i nom\u00e9s el 8% d'aquests es reciclen.","breadcrumb":{"@id":"https:\/\/pactozero.com\/ca\/la-lluita-contra-la-contaminacio-per-plastics-un-tema-que-uneix-als-canadencs\/#breadcrumb"},"inLanguage":"ca","potentialAction":[{"@type":"ReadAction","target":["https:\/\/pactozero.com\/ca\/la-lluita-contra-la-contaminacio-per-plastics-un-tema-que-uneix-als-canadencs\/"]}]},{"@type":"ImageObject","inLanguage":"ca","@id":"https:\/\/pactozero.com\/ca\/la-lluita-contra-la-contaminacio-per-plastics-un-tema-que-uneix-als-canadencs\/#primaryimage","url":"https:\/\/pactozero.com\/wp-content\/uploads\/2024\/08\/Flag_of_Canada_Pantone.svg.png","contentUrl":"https:\/\/pactozero.com\/wp-content\/uploads\/2024\/08\/Flag_of_Canada_Pantone.svg.png","width":800,"height":400},{"@type":"BreadcrumbList","@id":"https:\/\/pactozero.com\/ca\/la-lluita-contra-la-contaminacio-per-plastics-un-tema-que-uneix-als-canadencs\/#breadcrumb","itemListElement":[{"@type":"ListItem","position":1,"name":"Portada","item":"https:\/\/pactozero.com\/ca\/"},{"@type":"ListItem","position":2,"name":"La Lluita Contra la Contaminaci\u00f3 per Pl\u00e0stics: Un tema que Uneix als Canadencs"}]},{"@type":"WebSite","@id":"https:\/\/pactozero.com\/ca\/#website","url":"https:\/\/pactozero.com\/ca\/","name":"PactoZero | Sistemas de reutilizaci\u00f3n de envases para un residuo zero","description":"PactoZero | Envases reutilizables para un residuo zero","publisher":{"@id":"https:\/\/pactozero.com\/ca\/#organization"},"potentialAction":[{"@type":"SearchAction","target":{"@type":"EntryPoint","urlTemplate":"https:\/\/pactozero.com\/ca\/?s={search_term_string}"},"query-input":{"@type":"PropertyValueSpecification","valueRequired":true,"valueName":"search_term_string"}}],"inLanguage":"ca"},{"@type":"Organization","@id":"https:\/\/pactozero.com\/ca\/#organization","name":"PactoZero | Envases reutilizables para un residuo zero","url":"https:\/\/pactozero.com\/ca\/","logo":{"@type":"ImageObject","inLanguage":"ca","@id":"https:\/\/pactozero.com\/ca\/#\/schema\/logo\/image\/","url":"https:\/\/pactozero.com\/wp-content\/uploads\/2022\/09\/renovation-PactoZero.png","contentUrl":"https:\/\/pactozero.com\/wp-content\/uploads\/2022\/09\/renovation-PactoZero.png","width":903,"height":221,"caption":"PactoZero | Envases reutilizables para un residuo zero"},"image":{"@id":"https:\/\/pactozero.com\/ca\/#\/schema\/logo\/image\/"},"sameAs":["https:\/\/www.instagram.com\/pactozero"]},{"@type":"Person","@id":"https:\/\/pactozero.com\/ca\/#\/schema\/person\/2eb990c122c77fc84a76a7048890fafe","name":"Xavi Franco","image":{"@type":"ImageObject","inLanguage":"ca","@id":"https:\/\/secure.gravatar.com\/avatar\/7b96c583264b26a32e776ac0d7fc4aa7cb0816f47c453b7770001d1ed5f1c2d6?s=96&d=mm&r=g","url":"https:\/\/secure.gravatar.com\/avatar\/7b96c583264b26a32e776ac0d7fc4aa7cb0816f47c453b7770001d1ed5f1c2d6?s=96&d=mm&r=g","contentUrl":"https:\/\/secure.gravatar.com\/avatar\/7b96c583264b26a32e776ac0d7fc4aa7cb0816f47c453b7770001d1ed5f1c2d6?s=96&d=mm&r=g","caption":"Xavi Franco"},"url":"https:\/\/pactozero.com\/ca\/author\/xfranco\/"}]}},"_links":{"self":[{"href":"https:\/\/pactozero.com\/ca\/wp-json\/wp\/v2\/posts\/2721","targetHints":{"allow":["GET"]}}],"collection":[{"href":"https:\/\/pactozero.com\/ca\/wp-json\/wp\/v2\/posts"}],"about":[{"href":"https:\/\/pactozero.com\/ca\/wp-json\/wp\/v2\/types\/post"}],"author":[{"embeddable":true,"href":"https:\/\/pactozero.com\/ca\/wp-json\/wp\/v2\/users\/3"}],"replies":[{"embeddable":true,"href":"https:\/\/pactozero.com\/ca\/wp-json\/wp\/v2\/comments?post=2721"}],"version-history":[{"count":5,"href":"https:\/\/pactozero.com\/ca\/wp-json\/wp\/v2\/posts\/2721\/revisions"}],"predecessor-version":[{"id":3119,"href":"https:\/\/pactozero.com\/ca\/wp-json\/wp\/v2\/posts\/2721\/revisions\/3119"}],"wp:featuredmedia":[{"embeddable":true,"href":"https:\/\/pactozero.com\/ca\/wp-json\/wp\/v2\/media\/2690"}],"wp:attachment":[{"href":"https:\/\/pactozero.com\/ca\/wp-json\/wp\/v2\/media?parent=2721"}],"wp:term":[{"taxonomy":"category","embeddable":true,"href":"https:\/\/pactozero.com\/ca\/wp-json\/wp\/v2\/categories?post=2721"},{"taxonomy":"post_tag","embeddable":true,"href":"https:\/\/pactozero.com\/ca\/wp-json\/wp\/v2\/tags?post=2721"}],"curies":[{"name":"wp","href":"https:\/\/api.w.org\/{rel}","templated":true}]}}