{"id":2753,"date":"2024-10-28T10:12:43","date_gmt":"2024-10-28T09:12:43","guid":{"rendered":"https:\/\/pactozero.com\/creant-un-model-de-reutilitzacio-dexit\/"},"modified":"2025-06-19T18:05:50","modified_gmt":"2025-06-19T16:05:50","slug":"creant-un-model-de-reutilitzacio-dexit","status":"publish","type":"post","link":"https:\/\/pactozero.com\/ca\/creant-un-model-de-reutilitzacio-dexit\/","title":{"rendered":"Creant un model de reutilitzaci\u00f3 d&#8217;\u00e8xit"},"content":{"rendered":"<p>[et_pb_section fb_built=&#8221;1&#8243; admin_label=&#8221;Market Information Section&#8221; _builder_version=&#8221;4.16&#8243; custom_padding=&#8221;10px||0px|||&#8221; hover_enabled=&#8221;0&#8243; global_colors_info=&#8221;{}&#8221; sticky_enabled=&#8221;0&#8243;][et_pb_row admin_label=&#8221;Market Information Title Area&#8221; _builder_version=&#8221;4.27.2&#8243; min_height=&#8221;702px&#8221; custom_margin=&#8221;29px|auto|0px|auto|false|false&#8221; custom_padding=&#8221;4px|0px|40px|0px||&#8221; hover_enabled=&#8221;0&#8243; global_colors_info=&#8221;{}&#8221; sticky_enabled=&#8221;0&#8243;][et_pb_column type=&#8221;4_4&#8243; _builder_version=&#8221;4.16&#8243; custom_padding=&#8221;|||&#8221; global_colors_info=&#8221;{}&#8221; custom_padding__hover=&#8221;|||&#8221;][et_pb_text _builder_version=&#8221;4.27.2&#8243; _module_preset=&#8221;default&#8221; hover_enabled=&#8221;0&#8243; global_colors_info=&#8221;{}&#8221; sticky_enabled=&#8221;0&#8243;]<\/p>\n<h2 style=\"text-align: center;\"><strong>Creant un model de reutilitzaci\u00f3 d&#8217;\u00e8xit<\/strong><\/h2>\n<p>[\/et_pb_text][et_pb_text _builder_version=&#8221;4.27.2&#8243; _module_preset=&#8221;default&#8221; text_font_size=&#8221;16px&#8221; custom_margin=&#8221;||55px|||&#8221; custom_padding=&#8221;|0px||||&#8221; hover_enabled=&#8221;0&#8243; global_colors_info=&#8221;{}&#8221; sticky_enabled=&#8221;0&#8243;]<\/p>\n<p style=\"text-align: center;\">Des de 2021 estem involucrats en la implantaci\u00f3 de models de reutilitzaci\u00f3 d&#8217;envasos<br \/>que substitueixin de manera efectiva i eficient als envasos d&#8217;un sol \u00fas.<br \/>Qu\u00e8 hem de tenir en compte per a crear un model de reutilitzaci\u00f3 d&#8217;\u00e8xit?<\/p>\n<p style=\"text-align: center;\">Les causes del problema has estat enumerades i demostrades en m\u00faltiples informes,<br \/>de les Nacions Unides, o la UE: els envasos d&#8217;un sol \u00fas contribueixen a les<br \/>emissions de gasos d&#8217;efecte d&#8217;hivernacle, omplen els abocadors cada any, i els de<br \/>pl\u00e0stic en particular generen una contaminaci\u00f3 que degrada el planeta i pot<br \/>arribar a contaminar la cadena aliment\u00e0ria.<\/p>\n<p style=\"text-align: center;\">Els models de reutilitzaci\u00f3 ens allunyen d&#8217;aquest model consumista de materials d&#8217;usar<br \/>i rebutjar, i ens condueixen cap a una economia circular en la qual els b\u00e9ns i<br \/>materials es mantenen en \u00fas durant molt de temps, i es recuperen al final de la seva<br \/>vida \u00fatil. No sols \u00e9s bo per al planeta, sin\u00f3 que un bon model de reutilitzaci\u00f3<br \/>pot ser a m\u00e9s econ\u00f2micament viable respecte les alternatives. <\/p>\n<p style=\"text-align: center;\">Tant la normativa <strong>Europea com l&#8217;Espanyola <\/strong>estan donant un senyal clar que la<br \/>reutilitzaci\u00f3 ha de ser en un futur encara m\u00e9s gran, m\u00e9s rellevant, en m\u00faltiples<br \/>sectors i ind\u00fastries, i especialment en envasos per a aliments i begudes. Podem<br \/>queixar-nos que no hi ha suficient sentit d&#8217;urg\u00e8ncia en els objectius de substituci\u00f3,<br \/>que s&#8217;han fixat en les lleis aprovades. No obstant aix\u00f2, ens falta encara evolucionar els<br \/>models de reutilitzaci\u00f3 perqu\u00e8 siguin no sols una alternativa, sin\u00f3 l&#8217;opci\u00f3 per<br \/>defecte, preferent, majorit\u00e0ria, en el nostre dia a dia.  <\/p>\n<p style=\"text-align: center;\">A trav\u00e9s de l&#8217;experi\u00e8ncia obtinguda en la creaci\u00f3 un model d&#8217;envasos reutilitzables<br \/>de PactoZero, identifiquem alguns dels elements clau per a tenir \u00e8xit:<br \/>&#8211; <strong>Col\u00b7laboraci\u00f3: <\/strong>Crear un sistema d&#8217;envasos reutilitzables, requereix col\u00b7laboraci\u00f3<br \/>de part de tots els actors involucrats: usuaris, responsables de<br \/>negocis, personal, associacions, administraci\u00f3, partners log\u00edstics, a crear<br \/>un entorn adequat per a la introducci\u00f3 i promoci\u00f3 amb \u00e8xit del model.<br \/>&#8211; <strong>Envasos:<\/strong> dissenyats per a ser usats m\u00faltlipes vegades, per als processos<br \/>log\u00edstic i de tra\u00e7abilitat, i ser recuperats al final de la vida \u00fatil. Com m\u00e9s<br \/>eficients, major ser\u00e0 l&#8217;impacte que oferiran respecte els envasos d&#8217;un<br \/>sol \u00fas.<br \/>&#8211;<strong> Infraestructura: <\/strong>les ubicacions on es poden usar, per\u00f2 tamb\u00e9 obtenir i<br \/>retornar els envasos, i la facilitat d&#8217;\u00fas, poden facilitar l&#8217;adopci\u00f3 i<br \/>promoure l&#8217;\u00fas del model.<br \/>&#8211; <strong>Sistema de Tra\u00e7abilitat:<\/strong> la tra\u00e7abilitat ha de facilitar no sols el control, sin\u00f3<br \/>tamb\u00e9 els processos de lliurament i retorn dels envasos. En funci\u00f3 de les<br \/>necessitats i tipus d&#8217;entorn, pot ser millor un sistema de dip\u00f2sit i<br \/>devoluci\u00f3 al retorn (amb retorn autom\u00e0tic), un sistema de confian\u00e7a sense<br \/>dip\u00f2sit, o un sistema de filiaci\u00f3.<br \/>&#8211; <strong>Higienitzaci\u00f3:<\/strong> la higiene de tots els elements del sistema \u00e9s un punt<br \/>essencial que ha de controlar-se des del primer moment. El control ha d&#8217;existir<br \/>tant si la higiene \u00e9s centralitzada com si \u00e9s realitzada per m\u00faltiples partners.<br \/>&#8211;<strong> Gesti\u00f3 d&#8217;incid\u00e8ncies. <\/strong>Establir unes normes de funcionament clares<br \/>facilita la gesti\u00f3 d&#8217;incid\u00e8ncies amb i entre les parts.   <\/p>\n<p style=\"text-align: center;\">&#8211;<strong> Mesurament d&#8217;impacte: <\/strong>dissenyar un sistema per a obtenir i gestionar unes<br \/>m\u00e8triques comunes i comparables amb les del sector, permet mesurar l&#8217;impacte i<br \/>el progr\u00e9s respecte als objectius de reutilitzaci\u00f3.<\/p>\n<p style=\"text-align: center;\">Estem en un moment clau, encara que sabem que la reutilitzaci\u00f3 ser\u00e0 una<br \/>part creixent de la soluci\u00f3 al problema de l&#8217;impacte de l&#8217;envasament, el ritme legislatiu<br \/>i d&#8217;adopci\u00f3 no s\u00f3n suficients. Nom\u00e9s dissenyant i implantant el model adequat a<br \/>cada tipus d&#8217;entorn i d&#8217;usuari, cuidant aquests factors d&#8217;\u00e8xit des de l&#8217;inici,<br \/>aconseguirem que aquest usuari pugui adoptar la soluci\u00f3 de reutilitzaci\u00f3 per sobre de<br \/>l&#8217;existent, avui millor que dem\u00e0. <\/p>\n<p style=\"text-align: center;\">[\/et_pb_text][\/et_pb_column][\/et_pb_row][et_pb_row _builder_version=&#8221;4.23.1&#8243; _module_preset=&#8221;default&#8221; global_colors_info=&#8221;{}&#8221;][et_pb_column type=&#8221;4_4&#8243; _builder_version=&#8221;4.23.1&#8243; _module_preset=&#8221;default&#8221; global_colors_info=&#8221;{}&#8221;][et_pb_image src=&#8221;https:\/\/pactozero.com\/wp-content\/uploads\/2024\/10\/Captura-de-pantalla-2024-10-21-163907.png&#8221; _builder_version=&#8221;4.27.2&#8243; _module_preset=&#8221;default&#8221; title_text=&#8221;Captura de pantalla 2024-10-21 163907&#8243; align=&#8221;center&#8221; hover_enabled=&#8221;0&#8243; sticky_enabled=&#8221;0&#8243; width=&#8221;75%&#8221; max_width=&#8221;39%&#8221; min_height=&#8221;100px&#8221; custom_margin=&#8221;-123px||||false|false&#8221;][\/et_pb_image][\/et_pb_column][\/et_pb_row][et_pb_row admin_label=&#8221;Quote Text Area&#8221; _builder_version=&#8221;4.18.0&#8243; custom_padding=&#8221;0px|0px|0px|0px||&#8221; filter_hue_rotate=&#8221;36deg&#8221; filter_saturate=&#8221;43%&#8221; filter_brightness=&#8221;200%&#8221; global_colors_info=&#8221;{}&#8221;][et_pb_column type=&#8221;4_4&#8243; _builder_version=&#8221;4.18.0&#8243; custom_padding=&#8221;|||&#8221; global_colors_info=&#8221;{}&#8221; custom_padding__hover=&#8221;|||&#8221;][\/et_pb_column][\/et_pb_row][\/et_pb_section]<\/p>\n","protected":false},"excerpt":{"rendered":"<p>Creant un model de reutilitzaci\u00f3 d&#8217;\u00e8xitDes de 2021 estem involucrats en la implantaci\u00f3 de models de reutilitzaci\u00f3 d&#8217;envasosque substitueixin de manera efectiva i eficient als envasos d&#8217;un sol \u00fas.Qu\u00e8 hem de tenir en compte per a crear un model de reutilitzaci\u00f3 d&#8217;\u00e8xit? Les causes del problema has estat enumerades i demostrades en m\u00faltiples informes,de les [&hellip;]<\/p>\n","protected":false},"author":3,"featured_media":2745,"comment_status":"closed","ping_status":"open","sticky":false,"template":"","format":"standard","meta":{"_et_pb_use_builder":"on","_et_pb_old_content":"","_et_gb_content_width":"","footnotes":""},"categories":[1],"tags":[],"class_list":["post-2753","post","type-post","status-publish","format-standard","has-post-thumbnail","hentry","category-societat"],"yoast_head":"<!-- This site is optimized with the Yoast SEO plugin v27.5 - https:\/\/yoast.com\/product\/yoast-seo-wordpress\/ -->\n<title>Creant un model de reutilitzaci\u00f3 d&#039;\u00e8xit - PactoZero | Envases reutilizables para un residuo zero<\/title>\n<meta name=\"robots\" content=\"index, follow, max-snippet:-1, max-image-preview:large, max-video-preview:-1\" \/>\n<link rel=\"canonical\" href=\"https:\/\/pactozero.com\/ca\/creant-un-model-de-reutilitzacio-dexit\/\" \/>\n<meta property=\"og:locale\" content=\"ca_ES\" \/>\n<meta property=\"og:type\" content=\"article\" \/>\n<meta property=\"og:title\" content=\"Creant un model de reutilitzaci\u00f3 d&#039;\u00e8xit - PactoZero | Envases reutilizables para un residuo zero\" \/>\n<meta property=\"og:description\" content=\"Creant un model de reutilitzaci\u00f3 d&#039;\u00e8xitDes de 2021 estem involucrats en la implantaci\u00f3 de models de reutilitzaci\u00f3 d&#039;envasosque substitueixin de manera efectiva i eficient als envasos d&#039;un sol \u00fas.Qu\u00e8 hem de tenir en compte per a crear un model de reutilitzaci\u00f3 d&#039;\u00e8xit? Les causes del problema has estat enumerades i demostrades en m\u00faltiples informes,de les [&hellip;]\" \/>\n<meta property=\"og:url\" content=\"https:\/\/pactozero.com\/ca\/creant-un-model-de-reutilitzacio-dexit\/\" \/>\n<meta property=\"og:site_name\" content=\"PactoZero | Envases reutilizables para un residuo zero\" \/>\n<meta property=\"article:published_time\" content=\"2024-10-28T09:12:43+00:00\" \/>\n<meta property=\"article:modified_time\" content=\"2025-06-19T16:05:50+00:00\" \/>\n<meta property=\"og:image\" content=\"https:\/\/pactozero.com\/wp-content\/uploads\/2024\/10\/Captura-de-pantalla-2024-10-21-163907.png\" \/>\n\t<meta property=\"og:image:width\" content=\"716\" \/>\n\t<meta property=\"og:image:height\" content=\"718\" \/>\n\t<meta property=\"og:image:type\" content=\"image\/png\" \/>\n<meta name=\"author\" content=\"Xavi Franco\" \/>\n<meta name=\"twitter:card\" content=\"summary_large_image\" \/>\n<meta name=\"twitter:label1\" content=\"Escrit per\" \/>\n\t<meta name=\"twitter:data1\" content=\"Xavi Franco\" \/>\n\t<meta name=\"twitter:label2\" content=\"Temps estimat de lectura\" \/>\n\t<meta name=\"twitter:data2\" content=\"4 minuts\" \/>\n<script type=\"application\/ld+json\" class=\"yoast-schema-graph\">{\"@context\":\"https:\\\/\\\/schema.org\",\"@graph\":[{\"@type\":\"Article\",\"@id\":\"https:\\\/\\\/pactozero.com\\\/ca\\\/creant-un-model-de-reutilitzacio-dexit\\\/#article\",\"isPartOf\":{\"@id\":\"https:\\\/\\\/pactozero.com\\\/ca\\\/creant-un-model-de-reutilitzacio-dexit\\\/\"},\"author\":{\"name\":\"Xavi Franco\",\"@id\":\"https:\\\/\\\/pactozero.com\\\/ca\\\/#\\\/schema\\\/person\\\/2eb990c122c77fc84a76a7048890fafe\"},\"headline\":\"Creant un model de reutilitzaci\u00f3 d&#8217;\u00e8xit\",\"datePublished\":\"2024-10-28T09:12:43+00:00\",\"dateModified\":\"2025-06-19T16:05:50+00:00\",\"mainEntityOfPage\":{\"@id\":\"https:\\\/\\\/pactozero.com\\\/ca\\\/creant-un-model-de-reutilitzacio-dexit\\\/\"},\"wordCount\":868,\"publisher\":{\"@id\":\"https:\\\/\\\/pactozero.com\\\/ca\\\/#organization\"},\"image\":{\"@id\":\"https:\\\/\\\/pactozero.com\\\/ca\\\/creant-un-model-de-reutilitzacio-dexit\\\/#primaryimage\"},\"thumbnailUrl\":\"https:\\\/\\\/pactozero.com\\\/wp-content\\\/uploads\\\/2024\\\/10\\\/Captura-de-pantalla-2024-10-21-163907.png\",\"articleSection\":[\"Societat\"],\"inLanguage\":\"ca\"},{\"@type\":\"WebPage\",\"@id\":\"https:\\\/\\\/pactozero.com\\\/ca\\\/creant-un-model-de-reutilitzacio-dexit\\\/\",\"url\":\"https:\\\/\\\/pactozero.com\\\/ca\\\/creant-un-model-de-reutilitzacio-dexit\\\/\",\"name\":\"Creant un model de reutilitzaci\u00f3 d'\u00e8xit - PactoZero | Envases reutilizables para un residuo zero\",\"isPartOf\":{\"@id\":\"https:\\\/\\\/pactozero.com\\\/ca\\\/#website\"},\"primaryImageOfPage\":{\"@id\":\"https:\\\/\\\/pactozero.com\\\/ca\\\/creant-un-model-de-reutilitzacio-dexit\\\/#primaryimage\"},\"image\":{\"@id\":\"https:\\\/\\\/pactozero.com\\\/ca\\\/creant-un-model-de-reutilitzacio-dexit\\\/#primaryimage\"},\"thumbnailUrl\":\"https:\\\/\\\/pactozero.com\\\/wp-content\\\/uploads\\\/2024\\\/10\\\/Captura-de-pantalla-2024-10-21-163907.png\",\"datePublished\":\"2024-10-28T09:12:43+00:00\",\"dateModified\":\"2025-06-19T16:05:50+00:00\",\"breadcrumb\":{\"@id\":\"https:\\\/\\\/pactozero.com\\\/ca\\\/creant-un-model-de-reutilitzacio-dexit\\\/#breadcrumb\"},\"inLanguage\":\"ca\",\"potentialAction\":[{\"@type\":\"ReadAction\",\"target\":[\"https:\\\/\\\/pactozero.com\\\/ca\\\/creant-un-model-de-reutilitzacio-dexit\\\/\"]}]},{\"@type\":\"ImageObject\",\"inLanguage\":\"ca\",\"@id\":\"https:\\\/\\\/pactozero.com\\\/ca\\\/creant-un-model-de-reutilitzacio-dexit\\\/#primaryimage\",\"url\":\"https:\\\/\\\/pactozero.com\\\/wp-content\\\/uploads\\\/2024\\\/10\\\/Captura-de-pantalla-2024-10-21-163907.png\",\"contentUrl\":\"https:\\\/\\\/pactozero.com\\\/wp-content\\\/uploads\\\/2024\\\/10\\\/Captura-de-pantalla-2024-10-21-163907.png\",\"width\":716,\"height\":718},{\"@type\":\"BreadcrumbList\",\"@id\":\"https:\\\/\\\/pactozero.com\\\/ca\\\/creant-un-model-de-reutilitzacio-dexit\\\/#breadcrumb\",\"itemListElement\":[{\"@type\":\"ListItem\",\"position\":1,\"name\":\"Portada\",\"item\":\"https:\\\/\\\/pactozero.com\\\/ca\\\/\"},{\"@type\":\"ListItem\",\"position\":2,\"name\":\"Creant un model de reutilitzaci\u00f3 d&#8217;\u00e8xit\"}]},{\"@type\":\"WebSite\",\"@id\":\"https:\\\/\\\/pactozero.com\\\/ca\\\/#website\",\"url\":\"https:\\\/\\\/pactozero.com\\\/ca\\\/\",\"name\":\"PactoZero | Sistemas de reutilizaci\u00f3n de envases para un residuo zero\",\"description\":\"PactoZero | Envases reutilizables para un residuo zero\",\"publisher\":{\"@id\":\"https:\\\/\\\/pactozero.com\\\/ca\\\/#organization\"},\"potentialAction\":[{\"@type\":\"SearchAction\",\"target\":{\"@type\":\"EntryPoint\",\"urlTemplate\":\"https:\\\/\\\/pactozero.com\\\/ca\\\/?s={search_term_string}\"},\"query-input\":{\"@type\":\"PropertyValueSpecification\",\"valueRequired\":true,\"valueName\":\"search_term_string\"}}],\"inLanguage\":\"ca\"},{\"@type\":\"Organization\",\"@id\":\"https:\\\/\\\/pactozero.com\\\/ca\\\/#organization\",\"name\":\"PactoZero | Envases reutilizables para un residuo zero\",\"url\":\"https:\\\/\\\/pactozero.com\\\/ca\\\/\",\"logo\":{\"@type\":\"ImageObject\",\"inLanguage\":\"ca\",\"@id\":\"https:\\\/\\\/pactozero.com\\\/ca\\\/#\\\/schema\\\/logo\\\/image\\\/\",\"url\":\"https:\\\/\\\/pactozero.com\\\/wp-content\\\/uploads\\\/2022\\\/09\\\/renovation-PactoZero.png\",\"contentUrl\":\"https:\\\/\\\/pactozero.com\\\/wp-content\\\/uploads\\\/2022\\\/09\\\/renovation-PactoZero.png\",\"width\":903,\"height\":221,\"caption\":\"PactoZero | Envases reutilizables para un residuo zero\"},\"image\":{\"@id\":\"https:\\\/\\\/pactozero.com\\\/ca\\\/#\\\/schema\\\/logo\\\/image\\\/\"},\"sameAs\":[\"https:\\\/\\\/www.instagram.com\\\/pactozero\"]},{\"@type\":\"Person\",\"@id\":\"https:\\\/\\\/pactozero.com\\\/ca\\\/#\\\/schema\\\/person\\\/2eb990c122c77fc84a76a7048890fafe\",\"name\":\"Xavi Franco\",\"image\":{\"@type\":\"ImageObject\",\"inLanguage\":\"ca\",\"@id\":\"https:\\\/\\\/secure.gravatar.com\\\/avatar\\\/7b96c583264b26a32e776ac0d7fc4aa7cb0816f47c453b7770001d1ed5f1c2d6?s=96&d=mm&r=g\",\"url\":\"https:\\\/\\\/secure.gravatar.com\\\/avatar\\\/7b96c583264b26a32e776ac0d7fc4aa7cb0816f47c453b7770001d1ed5f1c2d6?s=96&d=mm&r=g\",\"contentUrl\":\"https:\\\/\\\/secure.gravatar.com\\\/avatar\\\/7b96c583264b26a32e776ac0d7fc4aa7cb0816f47c453b7770001d1ed5f1c2d6?s=96&d=mm&r=g\",\"caption\":\"Xavi Franco\"},\"url\":\"https:\\\/\\\/pactozero.com\\\/ca\\\/author\\\/xfranco\\\/\"}]}<\/script>\n<!-- \/ Yoast SEO plugin. -->","yoast_head_json":{"title":"Creant un model de reutilitzaci\u00f3 d'\u00e8xit - PactoZero | Envases reutilizables para un residuo zero","robots":{"index":"index","follow":"follow","max-snippet":"max-snippet:-1","max-image-preview":"max-image-preview:large","max-video-preview":"max-video-preview:-1"},"canonical":"https:\/\/pactozero.com\/ca\/creant-un-model-de-reutilitzacio-dexit\/","og_locale":"ca_ES","og_type":"article","og_title":"Creant un model de reutilitzaci\u00f3 d'\u00e8xit - PactoZero | Envases reutilizables para un residuo zero","og_description":"Creant un model de reutilitzaci\u00f3 d'\u00e8xitDes de 2021 estem involucrats en la implantaci\u00f3 de models de reutilitzaci\u00f3 d'envasosque substitueixin de manera efectiva i eficient als envasos d'un sol \u00fas.Qu\u00e8 hem de tenir en compte per a crear un model de reutilitzaci\u00f3 d'\u00e8xit? Les causes del problema has estat enumerades i demostrades en m\u00faltiples informes,de les [&hellip;]","og_url":"https:\/\/pactozero.com\/ca\/creant-un-model-de-reutilitzacio-dexit\/","og_site_name":"PactoZero | Envases reutilizables para un residuo zero","article_published_time":"2024-10-28T09:12:43+00:00","article_modified_time":"2025-06-19T16:05:50+00:00","og_image":[{"width":716,"height":718,"url":"https:\/\/pactozero.com\/wp-content\/uploads\/2024\/10\/Captura-de-pantalla-2024-10-21-163907.png","type":"image\/png"}],"author":"Xavi Franco","twitter_card":"summary_large_image","twitter_misc":{"Escrit per":"Xavi Franco","Temps estimat de lectura":"4 minuts"},"schema":{"@context":"https:\/\/schema.org","@graph":[{"@type":"Article","@id":"https:\/\/pactozero.com\/ca\/creant-un-model-de-reutilitzacio-dexit\/#article","isPartOf":{"@id":"https:\/\/pactozero.com\/ca\/creant-un-model-de-reutilitzacio-dexit\/"},"author":{"name":"Xavi Franco","@id":"https:\/\/pactozero.com\/ca\/#\/schema\/person\/2eb990c122c77fc84a76a7048890fafe"},"headline":"Creant un model de reutilitzaci\u00f3 d&#8217;\u00e8xit","datePublished":"2024-10-28T09:12:43+00:00","dateModified":"2025-06-19T16:05:50+00:00","mainEntityOfPage":{"@id":"https:\/\/pactozero.com\/ca\/creant-un-model-de-reutilitzacio-dexit\/"},"wordCount":868,"publisher":{"@id":"https:\/\/pactozero.com\/ca\/#organization"},"image":{"@id":"https:\/\/pactozero.com\/ca\/creant-un-model-de-reutilitzacio-dexit\/#primaryimage"},"thumbnailUrl":"https:\/\/pactozero.com\/wp-content\/uploads\/2024\/10\/Captura-de-pantalla-2024-10-21-163907.png","articleSection":["Societat"],"inLanguage":"ca"},{"@type":"WebPage","@id":"https:\/\/pactozero.com\/ca\/creant-un-model-de-reutilitzacio-dexit\/","url":"https:\/\/pactozero.com\/ca\/creant-un-model-de-reutilitzacio-dexit\/","name":"Creant un model de reutilitzaci\u00f3 d'\u00e8xit - PactoZero | Envases reutilizables para un residuo zero","isPartOf":{"@id":"https:\/\/pactozero.com\/ca\/#website"},"primaryImageOfPage":{"@id":"https:\/\/pactozero.com\/ca\/creant-un-model-de-reutilitzacio-dexit\/#primaryimage"},"image":{"@id":"https:\/\/pactozero.com\/ca\/creant-un-model-de-reutilitzacio-dexit\/#primaryimage"},"thumbnailUrl":"https:\/\/pactozero.com\/wp-content\/uploads\/2024\/10\/Captura-de-pantalla-2024-10-21-163907.png","datePublished":"2024-10-28T09:12:43+00:00","dateModified":"2025-06-19T16:05:50+00:00","breadcrumb":{"@id":"https:\/\/pactozero.com\/ca\/creant-un-model-de-reutilitzacio-dexit\/#breadcrumb"},"inLanguage":"ca","potentialAction":[{"@type":"ReadAction","target":["https:\/\/pactozero.com\/ca\/creant-un-model-de-reutilitzacio-dexit\/"]}]},{"@type":"ImageObject","inLanguage":"ca","@id":"https:\/\/pactozero.com\/ca\/creant-un-model-de-reutilitzacio-dexit\/#primaryimage","url":"https:\/\/pactozero.com\/wp-content\/uploads\/2024\/10\/Captura-de-pantalla-2024-10-21-163907.png","contentUrl":"https:\/\/pactozero.com\/wp-content\/uploads\/2024\/10\/Captura-de-pantalla-2024-10-21-163907.png","width":716,"height":718},{"@type":"BreadcrumbList","@id":"https:\/\/pactozero.com\/ca\/creant-un-model-de-reutilitzacio-dexit\/#breadcrumb","itemListElement":[{"@type":"ListItem","position":1,"name":"Portada","item":"https:\/\/pactozero.com\/ca\/"},{"@type":"ListItem","position":2,"name":"Creant un model de reutilitzaci\u00f3 d&#8217;\u00e8xit"}]},{"@type":"WebSite","@id":"https:\/\/pactozero.com\/ca\/#website","url":"https:\/\/pactozero.com\/ca\/","name":"PactoZero | Sistemas de reutilizaci\u00f3n de envases para un residuo zero","description":"PactoZero | Envases reutilizables para un residuo zero","publisher":{"@id":"https:\/\/pactozero.com\/ca\/#organization"},"potentialAction":[{"@type":"SearchAction","target":{"@type":"EntryPoint","urlTemplate":"https:\/\/pactozero.com\/ca\/?s={search_term_string}"},"query-input":{"@type":"PropertyValueSpecification","valueRequired":true,"valueName":"search_term_string"}}],"inLanguage":"ca"},{"@type":"Organization","@id":"https:\/\/pactozero.com\/ca\/#organization","name":"PactoZero | Envases reutilizables para un residuo zero","url":"https:\/\/pactozero.com\/ca\/","logo":{"@type":"ImageObject","inLanguage":"ca","@id":"https:\/\/pactozero.com\/ca\/#\/schema\/logo\/image\/","url":"https:\/\/pactozero.com\/wp-content\/uploads\/2022\/09\/renovation-PactoZero.png","contentUrl":"https:\/\/pactozero.com\/wp-content\/uploads\/2022\/09\/renovation-PactoZero.png","width":903,"height":221,"caption":"PactoZero | Envases reutilizables para un residuo zero"},"image":{"@id":"https:\/\/pactozero.com\/ca\/#\/schema\/logo\/image\/"},"sameAs":["https:\/\/www.instagram.com\/pactozero"]},{"@type":"Person","@id":"https:\/\/pactozero.com\/ca\/#\/schema\/person\/2eb990c122c77fc84a76a7048890fafe","name":"Xavi Franco","image":{"@type":"ImageObject","inLanguage":"ca","@id":"https:\/\/secure.gravatar.com\/avatar\/7b96c583264b26a32e776ac0d7fc4aa7cb0816f47c453b7770001d1ed5f1c2d6?s=96&d=mm&r=g","url":"https:\/\/secure.gravatar.com\/avatar\/7b96c583264b26a32e776ac0d7fc4aa7cb0816f47c453b7770001d1ed5f1c2d6?s=96&d=mm&r=g","contentUrl":"https:\/\/secure.gravatar.com\/avatar\/7b96c583264b26a32e776ac0d7fc4aa7cb0816f47c453b7770001d1ed5f1c2d6?s=96&d=mm&r=g","caption":"Xavi Franco"},"url":"https:\/\/pactozero.com\/ca\/author\/xfranco\/"}]}},"_links":{"self":[{"href":"https:\/\/pactozero.com\/ca\/wp-json\/wp\/v2\/posts\/2753","targetHints":{"allow":["GET"]}}],"collection":[{"href":"https:\/\/pactozero.com\/ca\/wp-json\/wp\/v2\/posts"}],"about":[{"href":"https:\/\/pactozero.com\/ca\/wp-json\/wp\/v2\/types\/post"}],"author":[{"embeddable":true,"href":"https:\/\/pactozero.com\/ca\/wp-json\/wp\/v2\/users\/3"}],"replies":[{"embeddable":true,"href":"https:\/\/pactozero.com\/ca\/wp-json\/wp\/v2\/comments?post=2753"}],"version-history":[{"count":4,"href":"https:\/\/pactozero.com\/ca\/wp-json\/wp\/v2\/posts\/2753\/revisions"}],"predecessor-version":[{"id":3154,"href":"https:\/\/pactozero.com\/ca\/wp-json\/wp\/v2\/posts\/2753\/revisions\/3154"}],"wp:featuredmedia":[{"embeddable":true,"href":"https:\/\/pactozero.com\/ca\/wp-json\/wp\/v2\/media\/2745"}],"wp:attachment":[{"href":"https:\/\/pactozero.com\/ca\/wp-json\/wp\/v2\/media?parent=2753"}],"wp:term":[{"taxonomy":"category","embeddable":true,"href":"https:\/\/pactozero.com\/ca\/wp-json\/wp\/v2\/categories?post=2753"},{"taxonomy":"post_tag","embeddable":true,"href":"https:\/\/pactozero.com\/ca\/wp-json\/wp\/v2\/tags?post=2753"}],"curies":[{"name":"wp","href":"https:\/\/api.w.org\/{rel}","templated":true}]}}