{"id":2759,"date":"2024-09-17T10:23:20","date_gmt":"2024-09-17T08:23:20","guid":{"rendered":"https:\/\/pactozero.com\/els-plastics-i-el-canvi-climatic-un-problema-creixent-2\/"},"modified":"2025-06-19T17:56:42","modified_gmt":"2025-06-19T15:56:42","slug":"els-plastics-i-el-canvi-climatic-un-problema-creixent-2","status":"publish","type":"post","link":"https:\/\/pactozero.com\/ca\/els-plastics-i-el-canvi-climatic-un-problema-creixent-2\/","title":{"rendered":"Els Pl\u00e0stics i el Canvi Clim\u00e0tic: Un Problema Creixent"},"content":{"rendered":"<p>[et_pb_section fb_built=&#8221;1&#8243; admin_label=&#8221;Market Information Section&#8221; _builder_version=&#8221;4.16&#8243; custom_padding=&#8221;10px||0px|||&#8221; global_colors_info=&#8221;{}&#8221;][et_pb_row _builder_version=&#8221;4.25.1&#8243; _module_preset=&#8221;default&#8221; custom_padding=&#8221;|||123px||&#8221; global_colors_info=&#8221;{}&#8221;][et_pb_column type=&#8221;4_4&#8243; _builder_version=&#8221;4.25.1&#8243; _module_preset=&#8221;default&#8221; global_colors_info=&#8221;{}&#8221;][et_pb_text _builder_version=&#8221;4.25.1&#8243; _module_preset=&#8221;default&#8221; text_font_size=&#8221;18px&#8221; custom_padding=&#8221;|||4px||&#8221; global_colors_info=&#8221;{}&#8221;]<\/p>\n<div class=\"traductor-textarea form-group\">\n<div class=\"textarea-desti col-xs-12 col-sm-6\">\n<div class=\"form-control second-textarea\"><strong>Els Pl\u00e0stics i el Canvi Clim\u00e0tic: Un Problema Creixent<\/strong><\/div>\n<\/div>\n<\/div>\n<div class=\"traductor-checkbox form-group\">\n<div class=\"row\">\n<div class=\"col-sm-offset-2 col-sm-5\"><\/div>\n<\/div>\n<\/div>\n<p>&nbsp;<\/p>\n<p>Els pl\u00e0stics no nom\u00e9s contaminen els oceans i afecten la biodiversitat, sin\u00f3 que tamb\u00e9 contribueixen significativament al canvi clim\u00e0tic.<\/p>\n<p><span>Segons un informe recent del Centre per al<\/span> <span>Dret Ambiental Internacional <\/span>(CIEL), les emissions generades per la producci\u00f3 i el cicle de v<span>ida complet dels pl\u00e0stics s\u00f3n equivalents a les emissions anuals de 200 plantes de carb\u00f3. <\/span>S<span>i aquesta tend\u00e8ncia continua, es preveu que per al 2050 la contaminaci\u00f3 per pl\u00e0stics<\/span> <span>podria arribar a ser equivalent a les emissions de 600 plantes de carb\u00f3.<\/span><br \/><span><\/span><\/p>\n<p><span>L&#8217;Ag\u00e8ncia Europea de Medi Ambient (<\/span><span>AEMA)<\/span> <span>destaca la necessitat d&#8217;una transici\u00f3 cap a una<\/span> <span>economia circular i sostenible per reduir la depend\u00e8ncia dels pl\u00e0stics d&#8217;un sol \u00fas i fomentar<\/span> <span>el reciclatge. Aix\u00f2 inclou l&#8217;\u00fas de mat\u00e8ries primeres renovables per a la producci\u00f3 de pl\u00e0stics i <\/span><span>una major efici\u00e8ncia en l&#8217;\u00fas dels recursos (<\/span><span>European <\/span><span> <\/span><span>Environment<\/span><span> <\/span><span>Agency&#8217;s<\/span><span> hombre <\/span><span>page)<\/span><span>.<\/span><br \/><span><\/span><\/p>\n<p><span>La pand\u00e8mia de COVID-19 ha exacerbat aquest problema a causa de l&#8217;increment en l&#8217;\u00fas <\/span><span>de pl\u00e0stics d&#8217;un sol \u00fas, com ara mascaretes i equips de protecci\u00f3, generant m\u00e9s residus<\/span> <span>pl\u00e0stics i dificultant els esfor\u00e7os per reduir la contaminaci\u00f3 pl\u00e0stica.<\/span> <span>Aquestes informacions subratllen la urg\u00e8ncia de prendre mesures per mitigar l&#8217;impacte.<\/span><br \/><span>Ambiental dels pl\u00e0stics i complir els objectius de l&#8217;Acord de Par\u00eds per mantenir <\/span>l<span>&#8216;augment global de la temperatura per sota dels<\/span> <span>2oC.<\/span><span>. \u00c9s fonamental promoure pol\u00edtiques <\/span><span>que redueixin la producci\u00f3 de pl\u00e0stics a partir de combustibles f\u00f2ssils i augmentin les taxes<\/span> <span>de reciclatge i reutilitzaci\u00f3 <\/span> <span>(Fundaci\u00f3 <\/span><span> <\/span><span>Aquae)<\/span><span>.<\/span><\/p>\n<p>[\/et_pb_text][\/et_pb_column][\/et_pb_row][et_pb_row _builder_version=&#8221;4.25.1&#8243; _module_preset=&#8221;default&#8221; custom_padding=&#8221;|56px||||&#8221; global_colors_info=&#8221;{}&#8221;][et_pb_column type=&#8221;4_4&#8243; _builder_version=&#8221;4.23.1&#8243; _module_preset=&#8221;default&#8221; global_colors_info=&#8221;{}&#8221;][et_pb_image src=&#8221;https:\/\/pactozero.com\/wp-content\/uploads\/2024\/04\/Planeta-arbol.jpg&#8221; title_text=&#8221;Planeta-arbre&#8221; align=&#8221;center&#8221; _builder_version=&#8221;4.25.1&#8243; _module_preset=&#8221;default&#8221; width=&#8221;91%&#8221; max_width=&#8221;67%&#8221; module_alignment=&#8221;right&#8221; min_height=&#8221;100px&#8221; height=&#8221;259px&#8221; max_height=&#8221;937px&#8221; custom_margin=&#8221;1px|||2px|false|false&#8221; custom_padding=&#8221;|345px|0px|0px|false|false&#8221; box_shadow_style=&#8221;preset2&#8243; global_colors_info=&#8221;{}&#8221;][\/et_pb_image][\/et_pb_column][\/et_pb_row][et_pb_row admin_label=&#8221;Quote Text Area&#8221; _builder_version=&#8221;4.18.0&#8243; custom_padding=&#8221;0px|0px|0px|0px||&#8221; filter_hue_rotate=&#8221;36deg&#8221; filter_saturate=&#8221;43%&#8221; filter_brightness=&#8221;200%&#8221; global_colors_info=&#8221;{}&#8221;][et_pb_column type=&#8221;4_4&#8243; _builder_version=&#8221;4.18.0&#8243; custom_padding=&#8221;|||&#8221; global_colors_info=&#8221;{}&#8221; custom_padding__hover=&#8221;|||&#8221;][\/et_pb_column][\/et_pb_row][\/et_pb_section]<\/p>\n","protected":false},"excerpt":{"rendered":"<p>Els Pl\u00e0stics i el Canvi Clim\u00e0tic: Un Problema Creixent &nbsp; Els pl\u00e0stics no nom\u00e9s contaminen els oceans i afecten la biodiversitat, sin\u00f3 que tamb\u00e9 contribueixen significativament al canvi clim\u00e0tic. Segons un informe recent del Centre per al Dret Ambiental Internacional (CIEL), les emissions generades per la producci\u00f3 i el cicle de vida complet dels pl\u00e0stics [&hellip;]<\/p>\n","protected":false},"author":3,"featured_media":2355,"comment_status":"closed","ping_status":"open","sticky":false,"template":"","format":"standard","meta":{"_et_pb_use_builder":"on","_et_pb_old_content":"","_et_gb_content_width":"","footnotes":""},"categories":[1],"tags":[],"class_list":["post-2759","post","type-post","status-publish","format-standard","has-post-thumbnail","hentry","category-societat"],"yoast_head":"<!-- This site is optimized with the Yoast SEO plugin v27.5 - https:\/\/yoast.com\/product\/yoast-seo-wordpress\/ -->\n<title>Els Pl\u00e0stics i el Canvi Clim\u00e0tic: Un Problema Creixent - PactoZero | Envases reutilizables para un residuo zero<\/title>\n<meta name=\"description\" content=\"Els pl\u00e0stics no sols contaminen els oceans i afecten la biodiversitat, sin\u00f3 que tamb\u00e9 contribueixen significativament al canvi clim\u00e0tic.\" \/>\n<meta name=\"robots\" content=\"index, follow, max-snippet:-1, max-image-preview:large, max-video-preview:-1\" \/>\n<link rel=\"canonical\" href=\"https:\/\/pactozero.com\/ca\/els-plastics-i-el-canvi-climatic-un-problema-creixent-2\/\" \/>\n<meta property=\"og:locale\" content=\"ca_ES\" \/>\n<meta property=\"og:type\" content=\"article\" \/>\n<meta property=\"og:title\" content=\"Els Pl\u00e0stics i el Canvi Clim\u00e0tic: Un Problema Creixent - PactoZero | Envases reutilizables para un residuo zero\" \/>\n<meta property=\"og:description\" content=\"Els pl\u00e0stics no sols contaminen els oceans i afecten la biodiversitat, sin\u00f3 que tamb\u00e9 contribueixen significativament al canvi clim\u00e0tic.\" \/>\n<meta property=\"og:url\" content=\"https:\/\/pactozero.com\/ca\/els-plastics-i-el-canvi-climatic-un-problema-creixent-2\/\" \/>\n<meta property=\"og:site_name\" content=\"PactoZero | Envases reutilizables para un residuo zero\" \/>\n<meta property=\"article:published_time\" content=\"2024-09-17T08:23:20+00:00\" \/>\n<meta property=\"article:modified_time\" content=\"2025-06-19T15:56:42+00:00\" \/>\n<meta property=\"og:image\" content=\"https:\/\/pactozero.com\/wp-content\/uploads\/2024\/04\/Planeta-arbol.jpg\" \/>\n\t<meta property=\"og:image:width\" content=\"1000\" \/>\n\t<meta property=\"og:image:height\" content=\"1000\" \/>\n\t<meta property=\"og:image:type\" content=\"image\/jpeg\" \/>\n<meta name=\"author\" content=\"Xavi Franco\" \/>\n<meta name=\"twitter:card\" content=\"summary_large_image\" \/>\n<meta name=\"twitter:label1\" content=\"Escrit per\" \/>\n\t<meta name=\"twitter:data1\" content=\"Xavi Franco\" \/>\n\t<meta name=\"twitter:label2\" content=\"Temps estimat de lectura\" \/>\n\t<meta name=\"twitter:data2\" content=\"2 minuts\" \/>\n<script type=\"application\/ld+json\" class=\"yoast-schema-graph\">{\"@context\":\"https:\\\/\\\/schema.org\",\"@graph\":[{\"@type\":\"Article\",\"@id\":\"https:\\\/\\\/pactozero.com\\\/ca\\\/els-plastics-i-el-canvi-climatic-un-problema-creixent-2\\\/#article\",\"isPartOf\":{\"@id\":\"https:\\\/\\\/pactozero.com\\\/ca\\\/els-plastics-i-el-canvi-climatic-un-problema-creixent-2\\\/\"},\"author\":{\"name\":\"Xavi Franco\",\"@id\":\"https:\\\/\\\/pactozero.com\\\/ca\\\/#\\\/schema\\\/person\\\/2eb990c122c77fc84a76a7048890fafe\"},\"headline\":\"Els Pl\u00e0stics i el Canvi Clim\u00e0tic: Un Problema Creixent\",\"datePublished\":\"2024-09-17T08:23:20+00:00\",\"dateModified\":\"2025-06-19T15:56:42+00:00\",\"mainEntityOfPage\":{\"@id\":\"https:\\\/\\\/pactozero.com\\\/ca\\\/els-plastics-i-el-canvi-climatic-un-problema-creixent-2\\\/\"},\"wordCount\":497,\"publisher\":{\"@id\":\"https:\\\/\\\/pactozero.com\\\/ca\\\/#organization\"},\"image\":{\"@id\":\"https:\\\/\\\/pactozero.com\\\/ca\\\/els-plastics-i-el-canvi-climatic-un-problema-creixent-2\\\/#primaryimage\"},\"thumbnailUrl\":\"https:\\\/\\\/pactozero.com\\\/wp-content\\\/uploads\\\/2024\\\/04\\\/Planeta-arbol.jpg\",\"articleSection\":[\"Societat\"],\"inLanguage\":\"ca\"},{\"@type\":\"WebPage\",\"@id\":\"https:\\\/\\\/pactozero.com\\\/ca\\\/els-plastics-i-el-canvi-climatic-un-problema-creixent-2\\\/\",\"url\":\"https:\\\/\\\/pactozero.com\\\/ca\\\/els-plastics-i-el-canvi-climatic-un-problema-creixent-2\\\/\",\"name\":\"Els Pl\u00e0stics i el Canvi Clim\u00e0tic: Un Problema Creixent - PactoZero | Envases reutilizables para un residuo zero\",\"isPartOf\":{\"@id\":\"https:\\\/\\\/pactozero.com\\\/ca\\\/#website\"},\"primaryImageOfPage\":{\"@id\":\"https:\\\/\\\/pactozero.com\\\/ca\\\/els-plastics-i-el-canvi-climatic-un-problema-creixent-2\\\/#primaryimage\"},\"image\":{\"@id\":\"https:\\\/\\\/pactozero.com\\\/ca\\\/els-plastics-i-el-canvi-climatic-un-problema-creixent-2\\\/#primaryimage\"},\"thumbnailUrl\":\"https:\\\/\\\/pactozero.com\\\/wp-content\\\/uploads\\\/2024\\\/04\\\/Planeta-arbol.jpg\",\"datePublished\":\"2024-09-17T08:23:20+00:00\",\"dateModified\":\"2025-06-19T15:56:42+00:00\",\"description\":\"Els pl\u00e0stics no sols contaminen els oceans i afecten la biodiversitat, sin\u00f3 que tamb\u00e9 contribueixen significativament al canvi clim\u00e0tic.\",\"breadcrumb\":{\"@id\":\"https:\\\/\\\/pactozero.com\\\/ca\\\/els-plastics-i-el-canvi-climatic-un-problema-creixent-2\\\/#breadcrumb\"},\"inLanguage\":\"ca\",\"potentialAction\":[{\"@type\":\"ReadAction\",\"target\":[\"https:\\\/\\\/pactozero.com\\\/ca\\\/els-plastics-i-el-canvi-climatic-un-problema-creixent-2\\\/\"]}]},{\"@type\":\"ImageObject\",\"inLanguage\":\"ca\",\"@id\":\"https:\\\/\\\/pactozero.com\\\/ca\\\/els-plastics-i-el-canvi-climatic-un-problema-creixent-2\\\/#primaryimage\",\"url\":\"https:\\\/\\\/pactozero.com\\\/wp-content\\\/uploads\\\/2024\\\/04\\\/Planeta-arbol.jpg\",\"contentUrl\":\"https:\\\/\\\/pactozero.com\\\/wp-content\\\/uploads\\\/2024\\\/04\\\/Planeta-arbol.jpg\",\"width\":1000,\"height\":1000},{\"@type\":\"BreadcrumbList\",\"@id\":\"https:\\\/\\\/pactozero.com\\\/ca\\\/els-plastics-i-el-canvi-climatic-un-problema-creixent-2\\\/#breadcrumb\",\"itemListElement\":[{\"@type\":\"ListItem\",\"position\":1,\"name\":\"Portada\",\"item\":\"https:\\\/\\\/pactozero.com\\\/ca\\\/\"},{\"@type\":\"ListItem\",\"position\":2,\"name\":\"Els Pl\u00e0stics i el Canvi Clim\u00e0tic: Un Problema Creixent\"}]},{\"@type\":\"WebSite\",\"@id\":\"https:\\\/\\\/pactozero.com\\\/ca\\\/#website\",\"url\":\"https:\\\/\\\/pactozero.com\\\/ca\\\/\",\"name\":\"PactoZero | Sistemas de reutilizaci\u00f3n de envases para un residuo zero\",\"description\":\"PactoZero | Envases reutilizables para un residuo zero\",\"publisher\":{\"@id\":\"https:\\\/\\\/pactozero.com\\\/ca\\\/#organization\"},\"potentialAction\":[{\"@type\":\"SearchAction\",\"target\":{\"@type\":\"EntryPoint\",\"urlTemplate\":\"https:\\\/\\\/pactozero.com\\\/ca\\\/?s={search_term_string}\"},\"query-input\":{\"@type\":\"PropertyValueSpecification\",\"valueRequired\":true,\"valueName\":\"search_term_string\"}}],\"inLanguage\":\"ca\"},{\"@type\":\"Organization\",\"@id\":\"https:\\\/\\\/pactozero.com\\\/ca\\\/#organization\",\"name\":\"PactoZero | Envases reutilizables para un residuo zero\",\"url\":\"https:\\\/\\\/pactozero.com\\\/ca\\\/\",\"logo\":{\"@type\":\"ImageObject\",\"inLanguage\":\"ca\",\"@id\":\"https:\\\/\\\/pactozero.com\\\/ca\\\/#\\\/schema\\\/logo\\\/image\\\/\",\"url\":\"https:\\\/\\\/pactozero.com\\\/wp-content\\\/uploads\\\/2022\\\/09\\\/renovation-PactoZero.png\",\"contentUrl\":\"https:\\\/\\\/pactozero.com\\\/wp-content\\\/uploads\\\/2022\\\/09\\\/renovation-PactoZero.png\",\"width\":903,\"height\":221,\"caption\":\"PactoZero | Envases reutilizables para un residuo zero\"},\"image\":{\"@id\":\"https:\\\/\\\/pactozero.com\\\/ca\\\/#\\\/schema\\\/logo\\\/image\\\/\"},\"sameAs\":[\"https:\\\/\\\/www.instagram.com\\\/pactozero\"]},{\"@type\":\"Person\",\"@id\":\"https:\\\/\\\/pactozero.com\\\/ca\\\/#\\\/schema\\\/person\\\/2eb990c122c77fc84a76a7048890fafe\",\"name\":\"Xavi Franco\",\"image\":{\"@type\":\"ImageObject\",\"inLanguage\":\"ca\",\"@id\":\"https:\\\/\\\/secure.gravatar.com\\\/avatar\\\/7b96c583264b26a32e776ac0d7fc4aa7cb0816f47c453b7770001d1ed5f1c2d6?s=96&d=mm&r=g\",\"url\":\"https:\\\/\\\/secure.gravatar.com\\\/avatar\\\/7b96c583264b26a32e776ac0d7fc4aa7cb0816f47c453b7770001d1ed5f1c2d6?s=96&d=mm&r=g\",\"contentUrl\":\"https:\\\/\\\/secure.gravatar.com\\\/avatar\\\/7b96c583264b26a32e776ac0d7fc4aa7cb0816f47c453b7770001d1ed5f1c2d6?s=96&d=mm&r=g\",\"caption\":\"Xavi Franco\"},\"url\":\"https:\\\/\\\/pactozero.com\\\/ca\\\/author\\\/xfranco\\\/\"}]}<\/script>\n<!-- \/ Yoast SEO plugin. -->","yoast_head_json":{"title":"Els Pl\u00e0stics i el Canvi Clim\u00e0tic: Un Problema Creixent - PactoZero | Envases reutilizables para un residuo zero","description":"Els pl\u00e0stics no sols contaminen els oceans i afecten la biodiversitat, sin\u00f3 que tamb\u00e9 contribueixen significativament al canvi clim\u00e0tic.","robots":{"index":"index","follow":"follow","max-snippet":"max-snippet:-1","max-image-preview":"max-image-preview:large","max-video-preview":"max-video-preview:-1"},"canonical":"https:\/\/pactozero.com\/ca\/els-plastics-i-el-canvi-climatic-un-problema-creixent-2\/","og_locale":"ca_ES","og_type":"article","og_title":"Els Pl\u00e0stics i el Canvi Clim\u00e0tic: Un Problema Creixent - PactoZero | Envases reutilizables para un residuo zero","og_description":"Els pl\u00e0stics no sols contaminen els oceans i afecten la biodiversitat, sin\u00f3 que tamb\u00e9 contribueixen significativament al canvi clim\u00e0tic.","og_url":"https:\/\/pactozero.com\/ca\/els-plastics-i-el-canvi-climatic-un-problema-creixent-2\/","og_site_name":"PactoZero | Envases reutilizables para un residuo zero","article_published_time":"2024-09-17T08:23:20+00:00","article_modified_time":"2025-06-19T15:56:42+00:00","og_image":[{"width":1000,"height":1000,"url":"https:\/\/pactozero.com\/wp-content\/uploads\/2024\/04\/Planeta-arbol.jpg","type":"image\/jpeg"}],"author":"Xavi Franco","twitter_card":"summary_large_image","twitter_misc":{"Escrit per":"Xavi Franco","Temps estimat de lectura":"2 minuts"},"schema":{"@context":"https:\/\/schema.org","@graph":[{"@type":"Article","@id":"https:\/\/pactozero.com\/ca\/els-plastics-i-el-canvi-climatic-un-problema-creixent-2\/#article","isPartOf":{"@id":"https:\/\/pactozero.com\/ca\/els-plastics-i-el-canvi-climatic-un-problema-creixent-2\/"},"author":{"name":"Xavi Franco","@id":"https:\/\/pactozero.com\/ca\/#\/schema\/person\/2eb990c122c77fc84a76a7048890fafe"},"headline":"Els Pl\u00e0stics i el Canvi Clim\u00e0tic: Un Problema Creixent","datePublished":"2024-09-17T08:23:20+00:00","dateModified":"2025-06-19T15:56:42+00:00","mainEntityOfPage":{"@id":"https:\/\/pactozero.com\/ca\/els-plastics-i-el-canvi-climatic-un-problema-creixent-2\/"},"wordCount":497,"publisher":{"@id":"https:\/\/pactozero.com\/ca\/#organization"},"image":{"@id":"https:\/\/pactozero.com\/ca\/els-plastics-i-el-canvi-climatic-un-problema-creixent-2\/#primaryimage"},"thumbnailUrl":"https:\/\/pactozero.com\/wp-content\/uploads\/2024\/04\/Planeta-arbol.jpg","articleSection":["Societat"],"inLanguage":"ca"},{"@type":"WebPage","@id":"https:\/\/pactozero.com\/ca\/els-plastics-i-el-canvi-climatic-un-problema-creixent-2\/","url":"https:\/\/pactozero.com\/ca\/els-plastics-i-el-canvi-climatic-un-problema-creixent-2\/","name":"Els Pl\u00e0stics i el Canvi Clim\u00e0tic: Un Problema Creixent - PactoZero | Envases reutilizables para un residuo zero","isPartOf":{"@id":"https:\/\/pactozero.com\/ca\/#website"},"primaryImageOfPage":{"@id":"https:\/\/pactozero.com\/ca\/els-plastics-i-el-canvi-climatic-un-problema-creixent-2\/#primaryimage"},"image":{"@id":"https:\/\/pactozero.com\/ca\/els-plastics-i-el-canvi-climatic-un-problema-creixent-2\/#primaryimage"},"thumbnailUrl":"https:\/\/pactozero.com\/wp-content\/uploads\/2024\/04\/Planeta-arbol.jpg","datePublished":"2024-09-17T08:23:20+00:00","dateModified":"2025-06-19T15:56:42+00:00","description":"Els pl\u00e0stics no sols contaminen els oceans i afecten la biodiversitat, sin\u00f3 que tamb\u00e9 contribueixen significativament al canvi clim\u00e0tic.","breadcrumb":{"@id":"https:\/\/pactozero.com\/ca\/els-plastics-i-el-canvi-climatic-un-problema-creixent-2\/#breadcrumb"},"inLanguage":"ca","potentialAction":[{"@type":"ReadAction","target":["https:\/\/pactozero.com\/ca\/els-plastics-i-el-canvi-climatic-un-problema-creixent-2\/"]}]},{"@type":"ImageObject","inLanguage":"ca","@id":"https:\/\/pactozero.com\/ca\/els-plastics-i-el-canvi-climatic-un-problema-creixent-2\/#primaryimage","url":"https:\/\/pactozero.com\/wp-content\/uploads\/2024\/04\/Planeta-arbol.jpg","contentUrl":"https:\/\/pactozero.com\/wp-content\/uploads\/2024\/04\/Planeta-arbol.jpg","width":1000,"height":1000},{"@type":"BreadcrumbList","@id":"https:\/\/pactozero.com\/ca\/els-plastics-i-el-canvi-climatic-un-problema-creixent-2\/#breadcrumb","itemListElement":[{"@type":"ListItem","position":1,"name":"Portada","item":"https:\/\/pactozero.com\/ca\/"},{"@type":"ListItem","position":2,"name":"Els Pl\u00e0stics i el Canvi Clim\u00e0tic: Un Problema Creixent"}]},{"@type":"WebSite","@id":"https:\/\/pactozero.com\/ca\/#website","url":"https:\/\/pactozero.com\/ca\/","name":"PactoZero | Sistemas de reutilizaci\u00f3n de envases para un residuo zero","description":"PactoZero | Envases reutilizables para un residuo zero","publisher":{"@id":"https:\/\/pactozero.com\/ca\/#organization"},"potentialAction":[{"@type":"SearchAction","target":{"@type":"EntryPoint","urlTemplate":"https:\/\/pactozero.com\/ca\/?s={search_term_string}"},"query-input":{"@type":"PropertyValueSpecification","valueRequired":true,"valueName":"search_term_string"}}],"inLanguage":"ca"},{"@type":"Organization","@id":"https:\/\/pactozero.com\/ca\/#organization","name":"PactoZero | Envases reutilizables para un residuo zero","url":"https:\/\/pactozero.com\/ca\/","logo":{"@type":"ImageObject","inLanguage":"ca","@id":"https:\/\/pactozero.com\/ca\/#\/schema\/logo\/image\/","url":"https:\/\/pactozero.com\/wp-content\/uploads\/2022\/09\/renovation-PactoZero.png","contentUrl":"https:\/\/pactozero.com\/wp-content\/uploads\/2022\/09\/renovation-PactoZero.png","width":903,"height":221,"caption":"PactoZero | Envases reutilizables para un residuo zero"},"image":{"@id":"https:\/\/pactozero.com\/ca\/#\/schema\/logo\/image\/"},"sameAs":["https:\/\/www.instagram.com\/pactozero"]},{"@type":"Person","@id":"https:\/\/pactozero.com\/ca\/#\/schema\/person\/2eb990c122c77fc84a76a7048890fafe","name":"Xavi Franco","image":{"@type":"ImageObject","inLanguage":"ca","@id":"https:\/\/secure.gravatar.com\/avatar\/7b96c583264b26a32e776ac0d7fc4aa7cb0816f47c453b7770001d1ed5f1c2d6?s=96&d=mm&r=g","url":"https:\/\/secure.gravatar.com\/avatar\/7b96c583264b26a32e776ac0d7fc4aa7cb0816f47c453b7770001d1ed5f1c2d6?s=96&d=mm&r=g","contentUrl":"https:\/\/secure.gravatar.com\/avatar\/7b96c583264b26a32e776ac0d7fc4aa7cb0816f47c453b7770001d1ed5f1c2d6?s=96&d=mm&r=g","caption":"Xavi Franco"},"url":"https:\/\/pactozero.com\/ca\/author\/xfranco\/"}]}},"_links":{"self":[{"href":"https:\/\/pactozero.com\/ca\/wp-json\/wp\/v2\/posts\/2759","targetHints":{"allow":["GET"]}}],"collection":[{"href":"https:\/\/pactozero.com\/ca\/wp-json\/wp\/v2\/posts"}],"about":[{"href":"https:\/\/pactozero.com\/ca\/wp-json\/wp\/v2\/types\/post"}],"author":[{"embeddable":true,"href":"https:\/\/pactozero.com\/ca\/wp-json\/wp\/v2\/users\/3"}],"replies":[{"embeddable":true,"href":"https:\/\/pactozero.com\/ca\/wp-json\/wp\/v2\/comments?post=2759"}],"version-history":[{"count":4,"href":"https:\/\/pactozero.com\/ca\/wp-json\/wp\/v2\/posts\/2759\/revisions"}],"predecessor-version":[{"id":3121,"href":"https:\/\/pactozero.com\/ca\/wp-json\/wp\/v2\/posts\/2759\/revisions\/3121"}],"wp:featuredmedia":[{"embeddable":true,"href":"https:\/\/pactozero.com\/ca\/wp-json\/wp\/v2\/media\/2355"}],"wp:attachment":[{"href":"https:\/\/pactozero.com\/ca\/wp-json\/wp\/v2\/media?parent=2759"}],"wp:term":[{"taxonomy":"category","embeddable":true,"href":"https:\/\/pactozero.com\/ca\/wp-json\/wp\/v2\/categories?post=2759"},{"taxonomy":"post_tag","embeddable":true,"href":"https:\/\/pactozero.com\/ca\/wp-json\/wp\/v2\/tags?post=2759"}],"curies":[{"name":"wp","href":"https:\/\/api.w.org\/{rel}","templated":true}]}}