{"id":2858,"date":"2025-01-13T10:35:25","date_gmt":"2025-01-13T09:35:25","guid":{"rendered":"https:\/\/pactozero.com\/miteco-i-els-reptes-del-reciclatge-del-plastic-a-espanya\/"},"modified":"2025-06-19T18:05:26","modified_gmt":"2025-06-19T16:05:26","slug":"miteco-i-els-reptes-del-reciclatge-del-plastic-a-espanya","status":"publish","type":"post","link":"https:\/\/pactozero.com\/ca\/miteco-i-els-reptes-del-reciclatge-del-plastic-a-espanya\/","title":{"rendered":"MITECO i els reptes del reciclatge del pl\u00e0stic a Espanya"},"content":{"rendered":"<p>[et_pb_section fb_built=&#8221;1&#8243; _builder_version=&#8221;4.27.4&#8243; _module_preset=&#8221;default&#8221; custom_margin=&#8221;-30px||-29px|||&#8221; custom_padding=&#8221;5px|||||&#8221; global_colors_info=&#8221;{}&#8221;][et_pb_row _builder_version=&#8221;4.27.4&#8243; _module_preset=&#8221;default&#8221; custom_padding=&#8221;0px|||||&#8221; global_colors_info=&#8221;{}&#8221; custom_margin=&#8221;|auto|-9px|auto||&#8221;][et_pb_column type=&#8221;4_4&#8243; _builder_version=&#8221;4.27.4&#8243; _module_preset=&#8221;default&#8221; global_colors_info=&#8221;{}&#8221;][et_pb_text _builder_version=&#8221;4.27.4&#8243; _module_preset=&#8221;default&#8221; global_colors_info=&#8221;{}&#8221;]<\/p>\n<h2 style=\"text-align: justify;\"><\/h2>\n<h2 style=\"text-align: justify;\"><\/h2>\n<h2 style=\"text-align: justify;\"><\/h2>\n<h2 style=\"text-align: justify;\"><\/h2>\n<h2 style=\"text-align: justify;\"><\/h2>\n<h2 style=\"text-align: justify;\">Acompliment del Reciclatge de Pl\u00e0stic a Espanya<\/h2>\n<p style=\"text-align: justify;\">\n<p style=\"text-align: justify;\">Una publicaci\u00f3 recent de dades del Ministeri per a la Transici\u00f3 Ecol\u00f2gica i el Repte Demogr\u00e0fic (<a href=\"https:\/\/www.miteco.gob.es\/es.html\">MITECO<\/a>) d&#8217;Espanya ha donat llum sobre l&#8217;exercici del reciclatge de pl\u00e0stic al pa\u00eds. Les xifres revelen una realitat crua: nom\u00e9s el 41,3% de les ampolles de pl\u00e0stic d&#8217;un sol \u00fas posades al mercat espanyol el 2023 van ser efectivament recuperades per reciclar-les. Aix\u00f2 est\u00e0 molt per sota de l&#8217;objectiu del 70% que exigeix \u200b\u200bla llei per a aquest any, i encara m\u00e9s lluny de l&#8217;objectiu del 90% fixat per al 2029 \u2013menci\u00f3 al marge de les dades de reciclatge de pl\u00e0stic del 69% difoses per Ecoembes.  <\/p>\n<p>[\/et_pb_text][\/et_pb_column][\/et_pb_row][\/et_pb_section][et_pb_section fb_built=&#8221;1&#8243; _builder_version=&#8221;4.27.4&#8243; _module_preset=&#8221;default&#8221; custom_padding=&#8221;0px||14px|||&#8221; global_colors_info=&#8221;{}&#8221; custom_margin=&#8221;-29px|||||&#8221;][et_pb_row column_structure=&#8221;1_2,1_2&#8243; _builder_version=&#8221;4.27.4&#8243; _module_preset=&#8221;default&#8221; global_colors_info=&#8221;{}&#8221;][et_pb_column type=&#8221;1_2&#8243; _builder_version=&#8221;4.27.4&#8243; _module_preset=&#8221;default&#8221; global_colors_info=&#8221;{}&#8221;][et_pb_text _builder_version=&#8221;4.27.4&#8243; _module_preset=&#8221;default&#8221; global_colors_info=&#8221;{}&#8221;]<\/p>\n<h2 style=\"text-align: justify;\">L&#8217;Impacte del Sistema de Dip\u00f2sit-Devoluci\u00f3 (DRS)<\/h2>\n<p style=\"text-align: justify;\">\n<p style=\"text-align: justify;\">Tot i que el cronograma exacte per a la introducci\u00f3 d&#8217;un DRS a Espanya encara no \u00e9s clar, el seu impacte potencial ser\u00e0 significatiu. Estar\u00e0 al punt de mira no nom\u00e9s pel seu impacte sin\u00f3 tamb\u00e9 perqu\u00e8 ha de donar certesa i accelerar la plena implementaci\u00f3 del Reglament de Residus d&#8217;Envasos 2022\/2023 d&#8217;Espanya. <\/p>\n<p style=\"text-align: justify;\">Aquesta norma, que \u00e9s vigent, encara se segueix vagament en alguns dels seus articles.<\/p>\n<p>[\/et_pb_text][\/et_pb_column][et_pb_column type=&#8221;1_2&#8243; _builder_version=&#8221;4.27.4&#8243; _module_preset=&#8221;default&#8221; global_colors_info=&#8221;{}&#8221;][et_pb_image src=&#8221;https:\/\/pactozero.com\/wp-content\/uploads\/2025\/01\/DALL\u00b7E-2025-01-13-10.45.04-Una-representacion-visual-de-un-Sistema-de-Deposito-y-Retorno-DRS-para-reducir-el-plastico-mostrando-maquinas-modernas-de-reciclaje-donde-las-perso.webp&#8221; title_text=&#8221;DALL\u00b7E 2025-01-13 10.45.04 &#8211; Una representaci\u00f3 visual d&apos;un Sistema de Dip\u00f2sit i Retorn (DRS) per reduir el pl\u00e0stic, mostrant m\u00e0quines modernes de reciclatge on les persones&#8221; _builder_version=&#8221;4.27.4&#8243; _module_preset=&#8221;default&#8221; width=&#8221;77.6%&#8221; custom_padding=&#8221;|||40px||&#8221; global_colors_info=&#8221;{}&#8221;][\/et_pb_image][\/et_pb_column][\/et_pb_row][\/et_pb_section][et_pb_section fb_built=&#8221;1&#8243; _builder_version=&#8221;4.27.4&#8243; _module_preset=&#8221;default&#8221; custom_margin=&#8221;-28px|||||&#8221; custom_padding=&#8221;0px||7px|||&#8221; global_colors_info=&#8221;{}&#8221;][et_pb_row _builder_version=&#8221;4.27.4&#8243; _module_preset=&#8221;default&#8221; global_colors_info=&#8221;{}&#8221;][et_pb_column type=&#8221;4_4&#8243; _builder_version=&#8221;4.27.4&#8243; _module_preset=&#8221;default&#8221; global_colors_info=&#8221;{}&#8221;][et_pb_text _builder_version=&#8221;4.27.4&#8243; _module_preset=&#8221;default&#8221; global_colors_info=&#8221;{}&#8221;]<\/p>\n<h2>Alguns punts a considerar:<\/h2>\n<p><strong><\/strong><\/p>\n<p>\u25cf Un DRS requerir\u00e0 enormes inversions i canvis operatius als sectors d&#8217;embalatge, reciclatge i distribuci\u00f3.<\/p>\n<p>\u25cf Probablemente conducir\u00e1 a una reevaluaci\u00f3n de los costes de los envases de pl\u00e1stico, en muchos casos externalizados a la administraci\u00f3n p\u00fablica cuando se trata de su recogida como residuo.<\/p>\n<p>\u25cf Requerir\u00e0 estrat\u00e8gies que promoguin un canvi de comportament dels espanyols en relaci\u00f3 amb el packaging.<\/p>\n<p>\u25cf Promour\u00e0 el debat sobre quin \u00e9s el veritable impacte ambiental del reciclatge i si \u00e9s sempre la soluci\u00f3 \u00f2ptima. Els estudis suggereixen que els sistemes d&#8217;embalatge reutilitzables, fins i tot amb un modest nombre d&#8217;usos, poden ser m\u00e9s respectuosos amb el medi ambient. <\/p>\n<p>\u25cf Per tant, \u00e9s crucial pensar com aquesta transformaci\u00f3 tamb\u00e9 pot donar suport a un canvi cap a envasos reutilitzables, on pot generar majors beneficis a llarg termini.<\/p>\n<p>[\/et_pb_text][\/et_pb_column][\/et_pb_row][et_pb_row _builder_version=&#8221;4.27.4&#8243; _module_preset=&#8221;default&#8221;][et_pb_column _builder_version=&#8221;4.27.4&#8243; _module_preset=&#8221;default&#8221; type=&#8221;4_4&#8243;][et_pb_text _builder_version=&#8221;4.27.4&#8243; _module_preset=&#8221;default&#8221; hover_enabled=&#8221;0&#8243; sticky_enabled=&#8221;0&#8243;]<\/p>\n<h2 style=\"text-align: justify;\">El futur del sistema de devoluci\u00f3 de pl\u00e0stics a Espanya<\/h2>\n<p>[\/et_pb_text][\/et_pb_column][\/et_pb_row][\/et_pb_section][et_pb_section fb_built=&#8221;1&#8243; _builder_version=&#8221;4.27.4&#8243; _module_preset=&#8221;default&#8221; custom_padding=&#8221;0px||18px|||&#8221; global_colors_info=&#8221;{}&#8221;][et_pb_row column_structure=&#8221;1_2,1_2&#8243; _builder_version=&#8221;4.27.4&#8243; _module_preset=&#8221;default&#8221; hover_enabled=&#8221;0&#8243; global_colors_info=&#8221;{}&#8221; sticky_enabled=&#8221;0&#8243; custom_padding=&#8221;3px|||||&#8221;][et_pb_column type=&#8221;1_2&#8243; _builder_version=&#8221;4.27.4&#8243; _module_preset=&#8221;default&#8221; global_colors_info=&#8221;{}&#8221;][et_pb_text _builder_version=&#8221;4.27.4&#8243; _module_preset=&#8221;default&#8221; custom_margin=&#8221;|-47px|46px|||&#8221; hover_enabled=&#8221;0&#8243; global_colors_info=&#8221;{}&#8221; custom_padding=&#8221;0px|||0px||&#8221; sticky_enabled=&#8221;0&#8243; width=&#8221;100%&#8221;]<\/p>\n<p style=\"text-align: justify;\">\n<h2 style=\"text-align: justify;\"><\/h2>\n<p style=\"text-align: justify;\">Encara cal veure qu\u00e8 tan r\u00e0pid evoluciona aix\u00f2, per\u00f2 \u00e9s un canvi radical en el sistema de devoluci\u00f3 de residus pl\u00e0stics a Espanya, que requerir\u00e0 una gran inversi\u00f3 i nous processos en conjunt per a l&#8217;envasament, el reciclatge i la distribuci\u00f3 d&#8217;aliments i begudes. No menys rellevant un canvi de comportament per als espanyols. Per\u00f2 el m\u00e9s important \u00e9s que, si es confirma, tamb\u00e9 donar\u00e0 certesa al ple desplegament i implementaci\u00f3 de la normativa espanyola sobre residus d&#8217;envasos aprovada el 2022\/2023, que en alguns dels seus aspectes es podria dir que \u00e9s vigent.  <\/p>\n<p>[\/et_pb_text][\/et_pb_column][et_pb_column type=&#8221;1_2&#8243; _builder_version=&#8221;4.27.4&#8243; _module_preset=&#8221;default&#8221; global_colors_info=&#8221;{}&#8221;][et_pb_image src=&#8221;https:\/\/pactozero.com\/wp-content\/uploads\/2024\/04\/Reciclaje-green.jpg&#8221; title_text=&#8221;Reciclaje-green&#8221; _builder_version=&#8221;4.27.4&#8243; _module_preset=&#8221;default&#8221; min_height=&#8221;340.1px&#8221; custom_margin=&#8221;||-110px|||&#8221; custom_padding=&#8221;|0px|0px|||&#8221; global_colors_info=&#8221;{}&#8221; width=&#8221;94.5%&#8221;][\/et_pb_image][\/et_pb_column][\/et_pb_row][\/et_pb_section][et_pb_section fb_built=&#8221;1&#8243; _builder_version=&#8221;4.27.4&#8243; _module_preset=&#8221;default&#8221; custom_padding=&#8221;15px|||||&#8221; global_colors_info=&#8221;{}&#8221;][et_pb_row _builder_version=&#8221;4.27.4&#8243; _module_preset=&#8221;default&#8221; global_colors_info=&#8221;{}&#8221;][et_pb_column type=&#8221;4_4&#8243; _builder_version=&#8221;4.27.4&#8243; _module_preset=&#8221;default&#8221; global_colors_info=&#8221;{}&#8221;][et_pb_text _builder_version=&#8221;4.27.4&#8243; _module_preset=&#8221;default&#8221; hover_enabled=&#8221;0&#8243; global_colors_info=&#8221;{}&#8221; sticky_enabled=&#8221;0&#8243;]<\/p>\n<h2 style=\"text-align: justify;\">Un model m\u00e9s sostenible<\/h2>\n<p style=\"text-align: justify;\">\n<p style=\"text-align: justify;\">Finalment, aquest proc\u00e9s revisar\u00e0 els costos del reciclatge d&#8217;envasos pl\u00e0stics, que han estat externalitzats en gran mesura a l&#8217;administraci\u00f3 p\u00fablica, i aportar\u00e0 una visi\u00f3 completament nova sobre el cost real, la responsabilitat i la sostenibilitat de les diferents opcions d&#8217;envasos. Un que q\u00fcestionar\u00e0 una vegada m\u00e9s si el reciclatge \u00e9s la soluci\u00f3 miraculosa per a tots els casos o si hi ha millors alternatives. Hi ha estudis que donen suport que els sistemes de reutilitzaci\u00f3 s\u00f3n una opci\u00f3 m\u00e9s respectuosa amb el medi ambient, amb un punt d&#8217;equilibri de nom\u00e9s 3 a 6 usos. I per als usuaris hi ha poca difer\u00e8ncia en el proc\u00e9s postconsum una vegada que han de guardar els envasos en una bossa separada per a la seva devoluci\u00f3. \u00c9s el moment adequat per repensar si tota la inversi\u00f3 i el canvi que impliquen aquestes dades poden tenir un retorn triple m\u00e9s gran en passar l&#8217;agulla als sistemes d&#8217;embalatge reutilitzables.    <\/p>\n<p>[\/et_pb_text][\/et_pb_column][\/et_pb_row][\/et_pb_section]<\/p>\n","protected":false},"excerpt":{"rendered":"<p>Acompliment del Reciclatge de Pl\u00e0stic a Espanya Una publicaci\u00f3 recent de dades del Ministeri per a la Transici\u00f3 Ecol\u00f2gica i el Repte Demogr\u00e0fic (MITECO) d&#8217;Espanya ha donat llum sobre l&#8217;exercici del reciclatge de pl\u00e0stic al pa\u00eds. Les xifres revelen una realitat crua: nom\u00e9s el 41,3% de les ampolles de pl\u00e0stic d&#8217;un sol \u00fas posades al [&hellip;]<\/p>\n","protected":false},"author":3,"featured_media":2844,"comment_status":"closed","ping_status":"open","sticky":false,"template":"","format":"standard","meta":{"_et_pb_use_builder":"on","_et_pb_old_content":"","_et_gb_content_width":"","footnotes":""},"categories":[1],"tags":[],"class_list":["post-2858","post","type-post","status-publish","format-standard","has-post-thumbnail","hentry","category-societat"],"yoast_head":"<!-- This site is optimized with the Yoast SEO plugin v27.4 - https:\/\/yoast.com\/product\/yoast-seo-wordpress\/ -->\n<title>MITECO i els reptes del reciclatge del pl\u00e0stic a Espanya - PactoZero | Envases reutilizables para un residuo zero<\/title>\n<meta name=\"description\" content=\"Una publicaci\u00f3 recent de dades del Ministeri per a la Transici\u00f3 Ecol\u00f2gica i el Repte Demogr\u00e0fic (MITECO) d&#039;Espanya ha donat llum sobre l&#039;exercici del reciclatge de pl\u00e0stic al pa\u00eds.\" \/>\n<meta name=\"robots\" content=\"index, follow, max-snippet:-1, max-image-preview:large, max-video-preview:-1\" \/>\n<link rel=\"canonical\" href=\"https:\/\/pactozero.com\/ca\/miteco-i-els-reptes-del-reciclatge-del-plastic-a-espanya\/\" \/>\n<meta property=\"og:locale\" content=\"ca_ES\" \/>\n<meta property=\"og:type\" content=\"article\" \/>\n<meta property=\"og:title\" content=\"MITECO i els reptes del reciclatge del pl\u00e0stic a Espanya - PactoZero | Envases reutilizables para un residuo zero\" \/>\n<meta property=\"og:description\" content=\"Una publicaci\u00f3 recent de dades del Ministeri per a la Transici\u00f3 Ecol\u00f2gica i el Repte Demogr\u00e0fic (MITECO) d&#039;Espanya ha donat llum sobre l&#039;exercici del reciclatge de pl\u00e0stic al pa\u00eds.\" \/>\n<meta property=\"og:url\" content=\"https:\/\/pactozero.com\/ca\/miteco-i-els-reptes-del-reciclatge-del-plastic-a-espanya\/\" \/>\n<meta property=\"og:site_name\" content=\"PactoZero | Envases reutilizables para un residuo zero\" \/>\n<meta property=\"article:published_time\" content=\"2025-01-13T09:35:25+00:00\" \/>\n<meta property=\"article:modified_time\" content=\"2025-06-19T16:05:26+00:00\" \/>\n<meta property=\"og:image\" content=\"https:\/\/pactozero.com\/wp-content\/uploads\/2025\/01\/DRS-PACTOZERO.png\" \/>\n\t<meta property=\"og:image:width\" content=\"1080\" \/>\n\t<meta property=\"og:image:height\" content=\"1080\" \/>\n\t<meta property=\"og:image:type\" content=\"image\/png\" \/>\n<meta name=\"author\" content=\"Xavi Franco\" \/>\n<meta name=\"twitter:card\" content=\"summary_large_image\" \/>\n<meta name=\"twitter:label1\" content=\"Escrit per\" \/>\n\t<meta name=\"twitter:data1\" content=\"Xavi Franco\" \/>\n\t<meta name=\"twitter:label2\" content=\"Temps estimat de lectura\" \/>\n\t<meta name=\"twitter:data2\" content=\"6 minuts\" \/>\n<script type=\"application\/ld+json\" class=\"yoast-schema-graph\">{\"@context\":\"https:\\\/\\\/schema.org\",\"@graph\":[{\"@type\":\"Article\",\"@id\":\"https:\\\/\\\/pactozero.com\\\/ca\\\/miteco-i-els-reptes-del-reciclatge-del-plastic-a-espanya\\\/#article\",\"isPartOf\":{\"@id\":\"https:\\\/\\\/pactozero.com\\\/ca\\\/miteco-i-els-reptes-del-reciclatge-del-plastic-a-espanya\\\/\"},\"author\":{\"name\":\"Xavi Franco\",\"@id\":\"https:\\\/\\\/pactozero.com\\\/ca\\\/#\\\/schema\\\/person\\\/2eb990c122c77fc84a76a7048890fafe\"},\"headline\":\"MITECO i els reptes del reciclatge del pl\u00e0stic a Espanya\",\"datePublished\":\"2025-01-13T09:35:25+00:00\",\"dateModified\":\"2025-06-19T16:05:26+00:00\",\"mainEntityOfPage\":{\"@id\":\"https:\\\/\\\/pactozero.com\\\/ca\\\/miteco-i-els-reptes-del-reciclatge-del-plastic-a-espanya\\\/\"},\"wordCount\":1144,\"publisher\":{\"@id\":\"https:\\\/\\\/pactozero.com\\\/ca\\\/#organization\"},\"image\":{\"@id\":\"https:\\\/\\\/pactozero.com\\\/ca\\\/miteco-i-els-reptes-del-reciclatge-del-plastic-a-espanya\\\/#primaryimage\"},\"thumbnailUrl\":\"https:\\\/\\\/pactozero.com\\\/wp-content\\\/uploads\\\/2025\\\/01\\\/DRS-PACTOZERO.png\",\"articleSection\":[\"Societat\"],\"inLanguage\":\"ca\"},{\"@type\":\"WebPage\",\"@id\":\"https:\\\/\\\/pactozero.com\\\/ca\\\/miteco-i-els-reptes-del-reciclatge-del-plastic-a-espanya\\\/\",\"url\":\"https:\\\/\\\/pactozero.com\\\/ca\\\/miteco-i-els-reptes-del-reciclatge-del-plastic-a-espanya\\\/\",\"name\":\"MITECO i els reptes del reciclatge del pl\u00e0stic a Espanya - PactoZero | Envases reutilizables para un residuo zero\",\"isPartOf\":{\"@id\":\"https:\\\/\\\/pactozero.com\\\/ca\\\/#website\"},\"primaryImageOfPage\":{\"@id\":\"https:\\\/\\\/pactozero.com\\\/ca\\\/miteco-i-els-reptes-del-reciclatge-del-plastic-a-espanya\\\/#primaryimage\"},\"image\":{\"@id\":\"https:\\\/\\\/pactozero.com\\\/ca\\\/miteco-i-els-reptes-del-reciclatge-del-plastic-a-espanya\\\/#primaryimage\"},\"thumbnailUrl\":\"https:\\\/\\\/pactozero.com\\\/wp-content\\\/uploads\\\/2025\\\/01\\\/DRS-PACTOZERO.png\",\"datePublished\":\"2025-01-13T09:35:25+00:00\",\"dateModified\":\"2025-06-19T16:05:26+00:00\",\"description\":\"Una publicaci\u00f3 recent de dades del Ministeri per a la Transici\u00f3 Ecol\u00f2gica i el Repte Demogr\u00e0fic (MITECO) d'Espanya ha donat llum sobre l'exercici del reciclatge de pl\u00e0stic al pa\u00eds.\",\"breadcrumb\":{\"@id\":\"https:\\\/\\\/pactozero.com\\\/ca\\\/miteco-i-els-reptes-del-reciclatge-del-plastic-a-espanya\\\/#breadcrumb\"},\"inLanguage\":\"ca\",\"potentialAction\":[{\"@type\":\"ReadAction\",\"target\":[\"https:\\\/\\\/pactozero.com\\\/ca\\\/miteco-i-els-reptes-del-reciclatge-del-plastic-a-espanya\\\/\"]}]},{\"@type\":\"ImageObject\",\"inLanguage\":\"ca\",\"@id\":\"https:\\\/\\\/pactozero.com\\\/ca\\\/miteco-i-els-reptes-del-reciclatge-del-plastic-a-espanya\\\/#primaryimage\",\"url\":\"https:\\\/\\\/pactozero.com\\\/wp-content\\\/uploads\\\/2025\\\/01\\\/DRS-PACTOZERO.png\",\"contentUrl\":\"https:\\\/\\\/pactozero.com\\\/wp-content\\\/uploads\\\/2025\\\/01\\\/DRS-PACTOZERO.png\",\"width\":1080,\"height\":1080},{\"@type\":\"BreadcrumbList\",\"@id\":\"https:\\\/\\\/pactozero.com\\\/ca\\\/miteco-i-els-reptes-del-reciclatge-del-plastic-a-espanya\\\/#breadcrumb\",\"itemListElement\":[{\"@type\":\"ListItem\",\"position\":1,\"name\":\"Portada\",\"item\":\"https:\\\/\\\/pactozero.com\\\/ca\\\/\"},{\"@type\":\"ListItem\",\"position\":2,\"name\":\"MITECO i els reptes del reciclatge del pl\u00e0stic a Espanya\"}]},{\"@type\":\"WebSite\",\"@id\":\"https:\\\/\\\/pactozero.com\\\/ca\\\/#website\",\"url\":\"https:\\\/\\\/pactozero.com\\\/ca\\\/\",\"name\":\"PactoZero | Sistemas de reutilizaci\u00f3n de envases para un residuo zero\",\"description\":\"PactoZero | Envases reutilizables para un residuo zero\",\"publisher\":{\"@id\":\"https:\\\/\\\/pactozero.com\\\/ca\\\/#organization\"},\"potentialAction\":[{\"@type\":\"SearchAction\",\"target\":{\"@type\":\"EntryPoint\",\"urlTemplate\":\"https:\\\/\\\/pactozero.com\\\/ca\\\/?s={search_term_string}\"},\"query-input\":{\"@type\":\"PropertyValueSpecification\",\"valueRequired\":true,\"valueName\":\"search_term_string\"}}],\"inLanguage\":\"ca\"},{\"@type\":\"Organization\",\"@id\":\"https:\\\/\\\/pactozero.com\\\/ca\\\/#organization\",\"name\":\"PactoZero | Envases reutilizables para un residuo zero\",\"url\":\"https:\\\/\\\/pactozero.com\\\/ca\\\/\",\"logo\":{\"@type\":\"ImageObject\",\"inLanguage\":\"ca\",\"@id\":\"https:\\\/\\\/pactozero.com\\\/ca\\\/#\\\/schema\\\/logo\\\/image\\\/\",\"url\":\"https:\\\/\\\/pactozero.com\\\/wp-content\\\/uploads\\\/2022\\\/09\\\/renovation-PactoZero.png\",\"contentUrl\":\"https:\\\/\\\/pactozero.com\\\/wp-content\\\/uploads\\\/2022\\\/09\\\/renovation-PactoZero.png\",\"width\":903,\"height\":221,\"caption\":\"PactoZero | Envases reutilizables para un residuo zero\"},\"image\":{\"@id\":\"https:\\\/\\\/pactozero.com\\\/ca\\\/#\\\/schema\\\/logo\\\/image\\\/\"},\"sameAs\":[\"https:\\\/\\\/www.instagram.com\\\/pactozero\"]},{\"@type\":\"Person\",\"@id\":\"https:\\\/\\\/pactozero.com\\\/ca\\\/#\\\/schema\\\/person\\\/2eb990c122c77fc84a76a7048890fafe\",\"name\":\"Xavi Franco\",\"image\":{\"@type\":\"ImageObject\",\"inLanguage\":\"ca\",\"@id\":\"https:\\\/\\\/secure.gravatar.com\\\/avatar\\\/7b96c583264b26a32e776ac0d7fc4aa7cb0816f47c453b7770001d1ed5f1c2d6?s=96&d=mm&r=g\",\"url\":\"https:\\\/\\\/secure.gravatar.com\\\/avatar\\\/7b96c583264b26a32e776ac0d7fc4aa7cb0816f47c453b7770001d1ed5f1c2d6?s=96&d=mm&r=g\",\"contentUrl\":\"https:\\\/\\\/secure.gravatar.com\\\/avatar\\\/7b96c583264b26a32e776ac0d7fc4aa7cb0816f47c453b7770001d1ed5f1c2d6?s=96&d=mm&r=g\",\"caption\":\"Xavi Franco\"},\"url\":\"https:\\\/\\\/pactozero.com\\\/ca\\\/author\\\/xfranco\\\/\"}]}<\/script>\n<!-- \/ Yoast SEO plugin. -->","yoast_head_json":{"title":"MITECO i els reptes del reciclatge del pl\u00e0stic a Espanya - PactoZero | Envases reutilizables para un residuo zero","description":"Una publicaci\u00f3 recent de dades del Ministeri per a la Transici\u00f3 Ecol\u00f2gica i el Repte Demogr\u00e0fic (MITECO) d'Espanya ha donat llum sobre l'exercici del reciclatge de pl\u00e0stic al pa\u00eds.","robots":{"index":"index","follow":"follow","max-snippet":"max-snippet:-1","max-image-preview":"max-image-preview:large","max-video-preview":"max-video-preview:-1"},"canonical":"https:\/\/pactozero.com\/ca\/miteco-i-els-reptes-del-reciclatge-del-plastic-a-espanya\/","og_locale":"ca_ES","og_type":"article","og_title":"MITECO i els reptes del reciclatge del pl\u00e0stic a Espanya - PactoZero | Envases reutilizables para un residuo zero","og_description":"Una publicaci\u00f3 recent de dades del Ministeri per a la Transici\u00f3 Ecol\u00f2gica i el Repte Demogr\u00e0fic (MITECO) d'Espanya ha donat llum sobre l'exercici del reciclatge de pl\u00e0stic al pa\u00eds.","og_url":"https:\/\/pactozero.com\/ca\/miteco-i-els-reptes-del-reciclatge-del-plastic-a-espanya\/","og_site_name":"PactoZero | Envases reutilizables para un residuo zero","article_published_time":"2025-01-13T09:35:25+00:00","article_modified_time":"2025-06-19T16:05:26+00:00","og_image":[{"width":1080,"height":1080,"url":"https:\/\/pactozero.com\/wp-content\/uploads\/2025\/01\/DRS-PACTOZERO.png","type":"image\/png"}],"author":"Xavi Franco","twitter_card":"summary_large_image","twitter_misc":{"Escrit per":"Xavi Franco","Temps estimat de lectura":"6 minuts"},"schema":{"@context":"https:\/\/schema.org","@graph":[{"@type":"Article","@id":"https:\/\/pactozero.com\/ca\/miteco-i-els-reptes-del-reciclatge-del-plastic-a-espanya\/#article","isPartOf":{"@id":"https:\/\/pactozero.com\/ca\/miteco-i-els-reptes-del-reciclatge-del-plastic-a-espanya\/"},"author":{"name":"Xavi Franco","@id":"https:\/\/pactozero.com\/ca\/#\/schema\/person\/2eb990c122c77fc84a76a7048890fafe"},"headline":"MITECO i els reptes del reciclatge del pl\u00e0stic a Espanya","datePublished":"2025-01-13T09:35:25+00:00","dateModified":"2025-06-19T16:05:26+00:00","mainEntityOfPage":{"@id":"https:\/\/pactozero.com\/ca\/miteco-i-els-reptes-del-reciclatge-del-plastic-a-espanya\/"},"wordCount":1144,"publisher":{"@id":"https:\/\/pactozero.com\/ca\/#organization"},"image":{"@id":"https:\/\/pactozero.com\/ca\/miteco-i-els-reptes-del-reciclatge-del-plastic-a-espanya\/#primaryimage"},"thumbnailUrl":"https:\/\/pactozero.com\/wp-content\/uploads\/2025\/01\/DRS-PACTOZERO.png","articleSection":["Societat"],"inLanguage":"ca"},{"@type":"WebPage","@id":"https:\/\/pactozero.com\/ca\/miteco-i-els-reptes-del-reciclatge-del-plastic-a-espanya\/","url":"https:\/\/pactozero.com\/ca\/miteco-i-els-reptes-del-reciclatge-del-plastic-a-espanya\/","name":"MITECO i els reptes del reciclatge del pl\u00e0stic a Espanya - PactoZero | Envases reutilizables para un residuo zero","isPartOf":{"@id":"https:\/\/pactozero.com\/ca\/#website"},"primaryImageOfPage":{"@id":"https:\/\/pactozero.com\/ca\/miteco-i-els-reptes-del-reciclatge-del-plastic-a-espanya\/#primaryimage"},"image":{"@id":"https:\/\/pactozero.com\/ca\/miteco-i-els-reptes-del-reciclatge-del-plastic-a-espanya\/#primaryimage"},"thumbnailUrl":"https:\/\/pactozero.com\/wp-content\/uploads\/2025\/01\/DRS-PACTOZERO.png","datePublished":"2025-01-13T09:35:25+00:00","dateModified":"2025-06-19T16:05:26+00:00","description":"Una publicaci\u00f3 recent de dades del Ministeri per a la Transici\u00f3 Ecol\u00f2gica i el Repte Demogr\u00e0fic (MITECO) d'Espanya ha donat llum sobre l'exercici del reciclatge de pl\u00e0stic al pa\u00eds.","breadcrumb":{"@id":"https:\/\/pactozero.com\/ca\/miteco-i-els-reptes-del-reciclatge-del-plastic-a-espanya\/#breadcrumb"},"inLanguage":"ca","potentialAction":[{"@type":"ReadAction","target":["https:\/\/pactozero.com\/ca\/miteco-i-els-reptes-del-reciclatge-del-plastic-a-espanya\/"]}]},{"@type":"ImageObject","inLanguage":"ca","@id":"https:\/\/pactozero.com\/ca\/miteco-i-els-reptes-del-reciclatge-del-plastic-a-espanya\/#primaryimage","url":"https:\/\/pactozero.com\/wp-content\/uploads\/2025\/01\/DRS-PACTOZERO.png","contentUrl":"https:\/\/pactozero.com\/wp-content\/uploads\/2025\/01\/DRS-PACTOZERO.png","width":1080,"height":1080},{"@type":"BreadcrumbList","@id":"https:\/\/pactozero.com\/ca\/miteco-i-els-reptes-del-reciclatge-del-plastic-a-espanya\/#breadcrumb","itemListElement":[{"@type":"ListItem","position":1,"name":"Portada","item":"https:\/\/pactozero.com\/ca\/"},{"@type":"ListItem","position":2,"name":"MITECO i els reptes del reciclatge del pl\u00e0stic a Espanya"}]},{"@type":"WebSite","@id":"https:\/\/pactozero.com\/ca\/#website","url":"https:\/\/pactozero.com\/ca\/","name":"PactoZero | Sistemas de reutilizaci\u00f3n de envases para un residuo zero","description":"PactoZero | Envases reutilizables para un residuo zero","publisher":{"@id":"https:\/\/pactozero.com\/ca\/#organization"},"potentialAction":[{"@type":"SearchAction","target":{"@type":"EntryPoint","urlTemplate":"https:\/\/pactozero.com\/ca\/?s={search_term_string}"},"query-input":{"@type":"PropertyValueSpecification","valueRequired":true,"valueName":"search_term_string"}}],"inLanguage":"ca"},{"@type":"Organization","@id":"https:\/\/pactozero.com\/ca\/#organization","name":"PactoZero | Envases reutilizables para un residuo zero","url":"https:\/\/pactozero.com\/ca\/","logo":{"@type":"ImageObject","inLanguage":"ca","@id":"https:\/\/pactozero.com\/ca\/#\/schema\/logo\/image\/","url":"https:\/\/pactozero.com\/wp-content\/uploads\/2022\/09\/renovation-PactoZero.png","contentUrl":"https:\/\/pactozero.com\/wp-content\/uploads\/2022\/09\/renovation-PactoZero.png","width":903,"height":221,"caption":"PactoZero | Envases reutilizables para un residuo zero"},"image":{"@id":"https:\/\/pactozero.com\/ca\/#\/schema\/logo\/image\/"},"sameAs":["https:\/\/www.instagram.com\/pactozero"]},{"@type":"Person","@id":"https:\/\/pactozero.com\/ca\/#\/schema\/person\/2eb990c122c77fc84a76a7048890fafe","name":"Xavi Franco","image":{"@type":"ImageObject","inLanguage":"ca","@id":"https:\/\/secure.gravatar.com\/avatar\/7b96c583264b26a32e776ac0d7fc4aa7cb0816f47c453b7770001d1ed5f1c2d6?s=96&d=mm&r=g","url":"https:\/\/secure.gravatar.com\/avatar\/7b96c583264b26a32e776ac0d7fc4aa7cb0816f47c453b7770001d1ed5f1c2d6?s=96&d=mm&r=g","contentUrl":"https:\/\/secure.gravatar.com\/avatar\/7b96c583264b26a32e776ac0d7fc4aa7cb0816f47c453b7770001d1ed5f1c2d6?s=96&d=mm&r=g","caption":"Xavi Franco"},"url":"https:\/\/pactozero.com\/ca\/author\/xfranco\/"}]}},"_links":{"self":[{"href":"https:\/\/pactozero.com\/ca\/wp-json\/wp\/v2\/posts\/2858","targetHints":{"allow":["GET"]}}],"collection":[{"href":"https:\/\/pactozero.com\/ca\/wp-json\/wp\/v2\/posts"}],"about":[{"href":"https:\/\/pactozero.com\/ca\/wp-json\/wp\/v2\/types\/post"}],"author":[{"embeddable":true,"href":"https:\/\/pactozero.com\/ca\/wp-json\/wp\/v2\/users\/3"}],"replies":[{"embeddable":true,"href":"https:\/\/pactozero.com\/ca\/wp-json\/wp\/v2\/comments?post=2858"}],"version-history":[{"count":4,"href":"https:\/\/pactozero.com\/ca\/wp-json\/wp\/v2\/posts\/2858\/revisions"}],"predecessor-version":[{"id":3150,"href":"https:\/\/pactozero.com\/ca\/wp-json\/wp\/v2\/posts\/2858\/revisions\/3150"}],"wp:featuredmedia":[{"embeddable":true,"href":"https:\/\/pactozero.com\/ca\/wp-json\/wp\/v2\/media\/2844"}],"wp:attachment":[{"href":"https:\/\/pactozero.com\/ca\/wp-json\/wp\/v2\/media?parent=2858"}],"wp:term":[{"taxonomy":"category","embeddable":true,"href":"https:\/\/pactozero.com\/ca\/wp-json\/wp\/v2\/categories?post=2858"},{"taxonomy":"post_tag","embeddable":true,"href":"https:\/\/pactozero.com\/ca\/wp-json\/wp\/v2\/tags?post=2858"}],"curies":[{"name":"wp","href":"https:\/\/api.w.org\/{rel}","templated":true}]}}